{"id":22643,"date":"2025-02-26T20:48:18","date_gmt":"2025-02-26T17:48:18","guid":{"rendered":"https:\/\/www.egemtv.com\/?p=22643"},"modified":"2025-02-26T20:48:22","modified_gmt":"2025-02-26T17:48:22","slug":"manisa-umkeden-medikal-kurtarma-tatbikati","status":"publish","type":"post","link":"https:\/\/www.egemtv.com\/?p=22643","title":{"rendered":"Manisa UMKE\u2019den medikal kurtarma tatbikat\u0131"},"content":{"rendered":"<p>Ege B\u00f6lgesi Kariyer Fuar\u0131 2025 kapsam\u0131nda, Manisa \u0130l Sa\u011fl\u0131k M\u00fcd\u00fcrl\u00fc\u011f\u00fcne ba\u011fl\u0131 Ulusal Medikal Kurtarma Ekibi (UMKE) taraf\u0131ndan k\u0131s\u0131tl\u0131 alanlarda medikal kurtarma tatbikat\u0131 ger\u00e7ekle\u015ftirildi. Tatbikatta, g\u00f6\u00e7\u00fck alt\u0131nda kalan bir yaral\u0131n\u0131n sa\u011fl\u0131k ekipleri taraf\u0131ndan kurtar\u0131lmas\u0131 uygulamal\u0131 olarak g\u00f6sterildi.<br \/>\n<br \/>Tatbikata Vali Vahdettin \u00d6zkan, Sa\u011fl\u0131k Bakanl\u0131\u011f\u0131 Y\u00f6netim Hizmetleri Genel M\u00fcd\u00fcrl\u00fc\u011f\u00fc Daire Ba\u015fkan\u0131 Bekir Yi\u011fit, \u0130l Sa\u011fl\u0131k M\u00fcd\u00fcr\u00fc Op. Dr. Erol Karaca, sa\u011fl\u0131k \u00e7al\u0131\u015fanlar\u0131, UMKE ekipleri ve \u00f6\u011frenciler kat\u0131ld\u0131. Afetlere kar\u015f\u0131 haz\u0131rl\u0131kl\u0131 olman\u0131n \u00f6nemine vurgu yapan Vali Vahdettin \u00d6zkan, &#8220;Afet \u00f6ncesi, afet an\u0131 ve afet sonras\u0131 tedbirlerle ilgili \u00f6nemli bir fark\u0131ndal\u0131k \u00e7al\u0131\u015fmas\u0131 ger\u00e7ekle\u015ftirdikleri i\u00e7in \u00f6ncelikle sa\u011fl\u0131k te\u015fkilat\u0131m\u0131z\u0131 tebrik ediyoruz. Sa\u011fl\u0131k sistemimiz, sa\u011fl\u0131k personelimiz ve g\u00fcn\u00fcm\u00fcz teknolojisine uygun cihaz ve alt yap\u0131s\u0131 ile vatanda\u015flar\u0131m\u0131z\u0131n ya\u015fam kalitesini art\u0131rmak \u00fczere etkin ve yayg\u0131n bir hizmet sa\u011flamaktad\u0131r. Bununla birlikte sa\u011fl\u0131k\u00e7\u0131lar\u0131m\u0131z afet durumlar\u0131nda arama ve kurtarma \u00e7al\u0131\u015fmalar\u0131nda \u00f6nemli g\u00f6revler \u00fcstlenmektedir. Bug\u00fcn yap\u0131lan tatbikat hem fark\u0131ndal\u0131k olu\u015fturmak hem de afetlere m\u00fcdahale etme kabiliyetimizi g\u00f6rmek a\u00e7\u0131s\u0131ndan faydal\u0131 bir \u00e7al\u0131\u015fma oldu. \u00dclkemiz Afet M\u00fcdahale Planlar\u0131n\u0131n icras\u0131nda olduk\u00e7a ba\u015far\u0131l\u0131 ama riskleri y\u00f6netme konusuna ili\u015fkin toplumun genelinde fark\u0131ndal\u0131k olu\u015fturmak i\u00e7in bu \u00e7al\u0131\u015fmalar\u0131n daha da art\u0131r\u0131lmas\u0131 gerekiyor&#8221; diye konu\u015ftu.<br \/>\n<br \/>UMKE ekipleri, tatbikat kapsam\u0131nda sa\u011fl\u0131k \u00e7al\u0131\u015fanlar\u0131n\u0131n kriz anlar\u0131nda nas\u0131l hareket etti\u011fini ve kurtarma s\u00fcrecini g\u00f6rsel olarak ortaya koydu. Ger\u00e7e\u011fini aratmayan tatbikat, \u00f6\u011frenciler ve kat\u0131l\u0131mc\u0131lar taraf\u0131ndan ilgiyle takip edildi.<br \/><\/p>\n","protected":false},"excerpt":{"rendered":"<p>Ege B\u00f6lgesi Kariyer Fuar\u0131 2025 kapsam\u0131nda, Manisa \u0130l Sa\u011fl\u0131k M\u00fcd\u00fcrl\u00fc\u011f\u00fcne ba\u011fl\u0131 Ulusal Medikal Kurtarma Ekibi (UMKE) taraf\u0131ndan k\u0131s\u0131tl\u0131 alanlarda medikal kurtarma tatbikat\u0131 ger\u00e7ekle\u015ftirildi. Tatbikatta, g\u00f6\u00e7\u00fck alt\u0131nda kalan bir yaral\u0131n\u0131n sa\u011fl\u0131k ekipleri taraf\u0131ndan kurtar\u0131lmas\u0131 uygulamal\u0131 olarak g\u00f6sterildi. Tatbikata Vali Vahdettin \u00d6zkan, Sa\u011fl\u0131k Bakanl\u0131\u011f\u0131 Y\u00f6netim Hizmetleri Genel M\u00fcd\u00fcrl\u00fc\u011f\u00fc Daire Ba\u015fkan\u0131 Bekir Yi\u011fit, \u0130l Sa\u011fl\u0131k M\u00fcd\u00fcr\u00fc Op. Dr&#8230;.<\/p>\n","protected":false},"author":1,"featured_media":22644,"comment_status":"open","ping_status":"open","sticky":false,"template":"","format":"standard","meta":{"_crdt_document":"","footnotes":""},"categories":[123],"tags":[],"class_list":["post-22643","post","type-post","status-publish","format-standard","has-post-thumbnail","hentry","category-gundem"],"_links":{"self":[{"href":"https:\/\/www.egemtv.com\/index.php?rest_route=\/wp\/v2\/posts\/22643","targetHints":{"allow":["GET"]}}],"collection":[{"href":"https:\/\/www.egemtv.com\/index.php?rest_route=\/wp\/v2\/posts"}],"about":[{"href":"https:\/\/www.egemtv.com\/index.php?rest_route=\/wp\/v2\/types\/post"}],"author":[{"embeddable":true,"href":"https:\/\/www.egemtv.com\/index.php?rest_route=\/wp\/v2\/users\/1"}],"replies":[{"embeddable":true,"href":"https:\/\/www.egemtv.com\/index.php?rest_route=%2Fwp%2Fv2%2Fcomments&post=22643"}],"version-history":[{"count":1,"href":"https:\/\/www.egemtv.com\/index.php?rest_route=\/wp\/v2\/posts\/22643\/revisions"}],"predecessor-version":[{"id":22645,"href":"https:\/\/www.egemtv.com\/index.php?rest_route=\/wp\/v2\/posts\/22643\/revisions\/22645"}],"wp:featuredmedia":[{"embeddable":true,"href":"https:\/\/www.egemtv.com\/index.php?rest_route=\/wp\/v2\/media\/22644"}],"wp:attachment":[{"href":"https:\/\/www.egemtv.com\/index.php?rest_route=%2Fwp%2Fv2%2Fmedia&parent=22643"}],"wp:term":[{"taxonomy":"category","embeddable":true,"href":"https:\/\/www.egemtv.com\/index.php?rest_route=%2Fwp%2Fv2%2Fcategories&post=22643"},{"taxonomy":"post_tag","embeddable":true,"href":"https:\/\/www.egemtv.com\/index.php?rest_route=%2Fwp%2Fv2%2Ftags&post=22643"}],"curies":[{"name":"wp","href":"https:\/\/api.w.org\/{rel}","templated":true}]}}