{"id":22640,"date":"2025-02-26T20:48:14","date_gmt":"2025-02-26T17:48:14","guid":{"rendered":"https:\/\/www.egemtv.com\/?p=22640"},"modified":"2025-02-26T20:48:18","modified_gmt":"2025-02-26T17:48:18","slug":"iletisim-baskanligi-ege-kariyer-fuarinda-universite-ogrencileriyle-bulusuyor","status":"publish","type":"post","link":"https:\/\/www.egemtv.com\/?p=22640","title":{"rendered":"\u0130leti\u015fim Ba\u015fkanl\u0131\u011f\u0131, Ege Kariyer Fuar\u0131\u2019nda \u00fcniversite \u00f6\u011frencileriyle bulu\u015fuyor"},"content":{"rendered":"<p>Cumhurba\u015fkanl\u0131\u011f\u0131 \u0130nsan Kaynaklar\u0131 Ofisi taraf\u0131ndan 2019 y\u0131l\u0131nda &#8220;Yetenek Her Yerde&#8221; temas\u0131yla ba\u015flat\u0131lan ve \u00fcniversiteler, kamu kurumlar\u0131, \u00f6zel sekt\u00f6r kurulu\u015flar\u0131 ile meslek odalar\u0131n\u0131n i\u015f birli\u011fiyle d\u00fczenlenen B\u00f6lgesel Kariyer Fuarlar\u0131na bu y\u0131l Manisa Celal Bayar \u00dcniversitesi ev sahipli\u011fi yap\u0131yor. Bug\u00fcn a\u00e7\u0131l\u0131\u015f\u0131 yap\u0131lan fuarda \u0130leti\u015fim Ba\u015fkanl\u0131\u011f\u0131 taraf\u0131ndan da stant a\u00e7\u0131ld\u0131.<br \/>\n<br \/>Manisa Celal Bayar \u00dcniversitesi ev sahipli\u011finde 2 g\u00fcn s\u00fcrecek fuara kat\u0131l\u0131m sa\u011flayan \u00fcniversite \u00f6\u011frencileri; ulusal ve uluslararas\u0131 kamuoylar\u0131, karar al\u0131c\u0131 akt\u00f6rler ve medya ile \u00e7ok y\u00f6nl\u00fc ili\u015fkiler geli\u015ftirmek; ileti\u015fimin t\u00fcm ara\u00e7 ve y\u00f6ntemleriyle T\u00fcrkiye\u2019nin her alanda nitelikli temsilini sa\u011flamak ve bu do\u011frultuda \u2018\u2018T\u00fcrkiye markas\u0131n\u0131 g\u00fc\u00e7lendirmek\u2019\u2019 vizyonu do\u011frultusunda faaliyet g\u00f6steren \u0130leti\u015fim Ba\u015fkanl\u0131\u011f\u0131n\u0131 ve faaliyetlerini yak\u0131ndan tan\u0131ma f\u0131rsat\u0131 bulacak. Stantta, \u0130leti\u015fim Ba\u015fkanl\u0131\u011f\u0131n\u0131n yurt i\u00e7inde 19 ilde ve yurt d\u0131\u015f\u0131nda 39 noktada bulunan birimlerindeki staj ve kariyer imkanlar\u0131 hakk\u0131nda bilgilendirmelerin yan\u0131 s\u0131ra Cumhurba\u015fkanl\u0131\u011f\u0131 \u0130leti\u015fim Merkezinin (C\u0130MER) i\u015fleyi\u015f ve ba\u015fvuru s\u00fcre\u00e7leri hakk\u0131nda da \u00f6\u011frencilere tan\u0131t\u0131m ve y\u00f6nlendirmeler yap\u0131l\u0131yor.<br \/><\/p>\n","protected":false},"excerpt":{"rendered":"<p>Cumhurba\u015fkanl\u0131\u011f\u0131 \u0130nsan Kaynaklar\u0131 Ofisi taraf\u0131ndan 2019 y\u0131l\u0131nda &#8220;Yetenek Her Yerde&#8221; temas\u0131yla ba\u015flat\u0131lan ve \u00fcniversiteler, kamu kurumlar\u0131, \u00f6zel sekt\u00f6r kurulu\u015flar\u0131 ile meslek odalar\u0131n\u0131n i\u015f birli\u011fiyle d\u00fczenlenen B\u00f6lgesel Kariyer Fuarlar\u0131na bu y\u0131l Manisa Celal Bayar \u00dcniversitesi ev sahipli\u011fi yap\u0131yor. Bug\u00fcn a\u00e7\u0131l\u0131\u015f\u0131 yap\u0131lan fuarda \u0130leti\u015fim Ba\u015fkanl\u0131\u011f\u0131 taraf\u0131ndan da stant a\u00e7\u0131ld\u0131. Manisa Celal Bayar \u00dcniversitesi ev sahipli\u011finde 2 g\u00fcn&#8230;<\/p>\n","protected":false},"author":1,"featured_media":22641,"comment_status":"open","ping_status":"open","sticky":false,"template":"","format":"standard","meta":{"_crdt_document":"","footnotes":""},"categories":[1],"tags":[],"class_list":["post-22640","post","type-post","status-publish","format-standard","has-post-thumbnail","hentry","category-guncel"],"_links":{"self":[{"href":"https:\/\/www.egemtv.com\/index.php?rest_route=\/wp\/v2\/posts\/22640","targetHints":{"allow":["GET"]}}],"collection":[{"href":"https:\/\/www.egemtv.com\/index.php?rest_route=\/wp\/v2\/posts"}],"about":[{"href":"https:\/\/www.egemtv.com\/index.php?rest_route=\/wp\/v2\/types\/post"}],"author":[{"embeddable":true,"href":"https:\/\/www.egemtv.com\/index.php?rest_route=\/wp\/v2\/users\/1"}],"replies":[{"embeddable":true,"href":"https:\/\/www.egemtv.com\/index.php?rest_route=%2Fwp%2Fv2%2Fcomments&post=22640"}],"version-history":[{"count":1,"href":"https:\/\/www.egemtv.com\/index.php?rest_route=\/wp\/v2\/posts\/22640\/revisions"}],"predecessor-version":[{"id":22642,"href":"https:\/\/www.egemtv.com\/index.php?rest_route=\/wp\/v2\/posts\/22640\/revisions\/22642"}],"wp:featuredmedia":[{"embeddable":true,"href":"https:\/\/www.egemtv.com\/index.php?rest_route=\/wp\/v2\/media\/22641"}],"wp:attachment":[{"href":"https:\/\/www.egemtv.com\/index.php?rest_route=%2Fwp%2Fv2%2Fmedia&parent=22640"}],"wp:term":[{"taxonomy":"category","embeddable":true,"href":"https:\/\/www.egemtv.com\/index.php?rest_route=%2Fwp%2Fv2%2Fcategories&post=22640"},{"taxonomy":"post_tag","embeddable":true,"href":"https:\/\/www.egemtv.com\/index.php?rest_route=%2Fwp%2Fv2%2Ftags&post=22640"}],"curies":[{"name":"wp","href":"https:\/\/api.w.org\/{rel}","templated":true}]}}