{"id":22637,"date":"2025-02-26T20:48:09","date_gmt":"2025-02-26T17:48:09","guid":{"rendered":"https:\/\/www.egemtv.com\/?p=22637"},"modified":"2025-02-26T20:48:14","modified_gmt":"2025-02-26T17:48:14","slug":"kotu-koku-aci-gercegi-ortaya-cikardi-yalniz-yasadigi-evinde-olu-bulundu","status":"publish","type":"post","link":"https:\/\/www.egemtv.com\/?p=22637","title":{"rendered":"K\u00f6t\u00fc koku ac\u0131 ger\u00e7e\u011fi ortaya \u00e7\u0131kard\u0131: Yaln\u0131z ya\u015fad\u0131\u011f\u0131 evinde \u00f6l\u00fc bulundu"},"content":{"rendered":"<p>Ayd\u0131n\u2019\u0131n Efeler il\u00e7esinde kom\u015fular\u0131 taraf\u0131ndan yakla\u015f\u0131k 1 haftad\u0131r haber al\u0131namayan ve evinden k\u00f6t\u00fc kokular gelen \u015fah\u0131s, yaln\u0131z ya\u015fad\u0131\u011f\u0131 evinde \u00f6l\u00fc olarak bulundu.<br \/>\n<br \/>Olay, G\u00fczelhisar Mahallesi 51 sokak \u00fczerinde bulunan bir 4 katl\u0131 bir apartman\u0131n \u00e7at\u0131 kat\u0131nda meydana geldi. Edinilen bilgiye g\u00f6re, apartman\u0131 saran k\u00f6t\u00fc kokunun nedenini ara\u015ft\u0131ran apartman sakinleri, kokunun yakla\u015f\u0131k 1 haftad\u0131r g\u00f6rmedikleri kom\u015fular\u0131n\u0131n dairesinden geldi\u011fini fark edince durumu 112 Acil \u00c7a\u011fr\u0131 Merkezi\u2019ne bildirdi. \u0130hbar \u00fczerine b\u00f6lgeye sa\u011fl\u0131k, polis ve itfaiye ekipleri sevk edildi. K\u0131sa s\u00fcrede olay yerine gelen Ayd\u0131n B\u00fcy\u00fck\u015fehir Belediyesi \u0130tfaiye Daire Ba\u015fkanl\u0131\u011f\u0131 ekipleri merdivenli arac\u0131 marifeti ile eve giren ekipler \u015fahs\u0131 hareketsiz halde buldu. Sa\u011fl\u0131k ekipleri taraf\u0131ndan yap\u0131lan kontrollerde H\u00fcseyin Ayg\u00fcl\u2019\u00fcn hayat\u0131n\u0131 kaybetti\u011fi tespit edildi. Ayg\u00fcl\u2019\u00fcn \u00f6l\u00fcm haberini alan kom\u015fular\u0131 yasa bo\u011fulurken, \u015fahs\u0131n cans\u0131z bedeni hastane morguna kald\u0131r\u0131ld\u0131.<br \/>\n<br \/>Olayla ilgili soru\u015fturma s\u00fcr\u00fcyor.<br \/><\/p>\n","protected":false},"excerpt":{"rendered":"<p>Ayd\u0131n\u2019\u0131n Efeler il\u00e7esinde kom\u015fular\u0131 taraf\u0131ndan yakla\u015f\u0131k 1 haftad\u0131r haber al\u0131namayan ve evinden k\u00f6t\u00fc kokular gelen \u015fah\u0131s, yaln\u0131z ya\u015fad\u0131\u011f\u0131 evinde \u00f6l\u00fc olarak bulundu. Olay, G\u00fczelhisar Mahallesi 51 sokak \u00fczerinde bulunan bir 4 katl\u0131 bir apartman\u0131n \u00e7at\u0131 kat\u0131nda meydana geldi. Edinilen bilgiye g\u00f6re, apartman\u0131 saran k\u00f6t\u00fc kokunun nedenini ara\u015ft\u0131ran apartman sakinleri, kokunun yakla\u015f\u0131k 1 haftad\u0131r g\u00f6rmedikleri kom\u015fular\u0131n\u0131n&#8230;<\/p>\n","protected":false},"author":1,"featured_media":22638,"comment_status":"open","ping_status":"open","sticky":false,"template":"","format":"standard","meta":{"_crdt_document":"","footnotes":""},"categories":[5],"tags":[],"class_list":["post-22637","post","type-post","status-publish","format-standard","has-post-thumbnail","hentry","category-asayis"],"_links":{"self":[{"href":"https:\/\/www.egemtv.com\/index.php?rest_route=\/wp\/v2\/posts\/22637","targetHints":{"allow":["GET"]}}],"collection":[{"href":"https:\/\/www.egemtv.com\/index.php?rest_route=\/wp\/v2\/posts"}],"about":[{"href":"https:\/\/www.egemtv.com\/index.php?rest_route=\/wp\/v2\/types\/post"}],"author":[{"embeddable":true,"href":"https:\/\/www.egemtv.com\/index.php?rest_route=\/wp\/v2\/users\/1"}],"replies":[{"embeddable":true,"href":"https:\/\/www.egemtv.com\/index.php?rest_route=%2Fwp%2Fv2%2Fcomments&post=22637"}],"version-history":[{"count":1,"href":"https:\/\/www.egemtv.com\/index.php?rest_route=\/wp\/v2\/posts\/22637\/revisions"}],"predecessor-version":[{"id":22639,"href":"https:\/\/www.egemtv.com\/index.php?rest_route=\/wp\/v2\/posts\/22637\/revisions\/22639"}],"wp:featuredmedia":[{"embeddable":true,"href":"https:\/\/www.egemtv.com\/index.php?rest_route=\/wp\/v2\/media\/22638"}],"wp:attachment":[{"href":"https:\/\/www.egemtv.com\/index.php?rest_route=%2Fwp%2Fv2%2Fmedia&parent=22637"}],"wp:term":[{"taxonomy":"category","embeddable":true,"href":"https:\/\/www.egemtv.com\/index.php?rest_route=%2Fwp%2Fv2%2Fcategories&post=22637"},{"taxonomy":"post_tag","embeddable":true,"href":"https:\/\/www.egemtv.com\/index.php?rest_route=%2Fwp%2Fv2%2Ftags&post=22637"}],"curies":[{"name":"wp","href":"https:\/\/api.w.org\/{rel}","templated":true}]}}