{"id":22634,"date":"2025-02-26T19:26:33","date_gmt":"2025-02-26T16:26:33","guid":{"rendered":"https:\/\/www.egemtv.com\/?p=22634"},"modified":"2025-02-26T19:26:37","modified_gmt":"2025-02-26T16:26:37","slug":"aydin-devlet-hastanesinde-yangin-panigi","status":"publish","type":"post","link":"https:\/\/www.egemtv.com\/?p=22634","title":{"rendered":"Ayd\u0131n Devlet Hastanesi\u2019nde yang\u0131n pani\u011fi"},"content":{"rendered":"<p>Ayd\u0131n Devlet Hastanesi\u2019nde \u00e7\u0131kan yang\u0131n dolay\u0131s\u0131yla hastanenin bir b\u00f6l\u00fcm\u00fcn\u00fc duman kaplad\u0131. Hastalar\u0131n bir k\u0131sm\u0131 ile refakat\u00e7iler tahliye edildi. Pani\u011fe neden olan yang\u0131n, itfaiye ekiplerinin m\u00fcdahalesiyle k\u0131sa s\u00fcrede s\u00f6nd\u00fcr\u00fcld\u00fc.<br \/>\n<br \/>Yang\u0131n, Hasan Efendi Mahallesi\u2019nde bulunan Ayd\u0131n Devlet Hastanesi\u2019nde saat 18.00 s\u0131ralar\u0131nda meydana geldi. Edinilen bilgiye g\u00f6re, hastanenin eksi 1 kat\u0131nda bulunan terzihanede hen\u00fcz bilinmeyen bir nedenle yang\u0131n \u00e7\u0131kt\u0131. Yang\u0131n dolay\u0131s\u0131yla hastanenin bir b\u00f6l\u00fcm\u00fcn\u00fc duman kaplad\u0131. 112 Acil \u00c7a\u011fr\u0131 Merkezi\u2019ne yap\u0131lan ihbar \u00fczerine b\u00f6lgeye \u00e7ok say\u0131da itfaiye ve polis ekipleri sevk edildi. Duman nedeniyle hastanede bulunan vatanda\u015flar tahliye edilirken, kap\u0131larda yo\u011funluk olu\u015funca itfaiye ekipleri taraf\u0131ndan hastanenin arka b\u00f6l\u00fcm\u00fcnde bulunan yang\u0131n merdivenin kap\u0131s\u0131 k\u0131r\u0131larak vatanda\u015flar\u0131n buradan da tahliyesi sa\u011fland\u0131.<\/p>\n<p>Ekipler seferber oldu<br \/>\n<br \/>Yang\u0131n\u0131n ard\u0131ndan k\u0131sa s\u00fcrede b\u00f6lgeye gelen itfaiye ve AFAD ekipleri hastanede kontrol\u00fc sa\u011flad\u0131. AFAD Ayd\u0131n \u0130l M\u00fcd\u00fcr\u00fc Yal\u00e7\u0131n Mumcu da bizzat olay yerine gelerek ekiplerin \u00e7al\u0131\u015fmalar\u0131ndaki koordinasyonu sa\u011flad\u0131. AFAD\u2019\u0131n ba\u015far\u0131l\u0131 \u00e7al\u0131\u015fmalar\u0131 sonucu hastanede durum k\u0131sa s\u00fcrede normale d\u00f6nd\u00fc. Ayd\u0131n B\u00fcy\u00fck\u015fehir Belediyesi \u0130tfaiye Daire Ba\u015fkanl\u0131\u011f\u0131 ekipleri taraf\u0131ndan yap\u0131lan \u00e7al\u0131\u015fmalar\u0131n sonucunda yang\u0131n k\u0131sa s\u00fcrede kontrol alt\u0131na al\u0131nd\u0131. Duman tahliyesi devam ederken, yang\u0131nla ilgili inceleme ba\u015flat\u0131ld\u0131.<br \/><\/p>\n","protected":false},"excerpt":{"rendered":"<p>Ayd\u0131n Devlet Hastanesi\u2019nde \u00e7\u0131kan yang\u0131n dolay\u0131s\u0131yla hastanenin bir b\u00f6l\u00fcm\u00fcn\u00fc duman kaplad\u0131. Hastalar\u0131n bir k\u0131sm\u0131 ile refakat\u00e7iler tahliye edildi. Pani\u011fe neden olan yang\u0131n, itfaiye ekiplerinin m\u00fcdahalesiyle k\u0131sa s\u00fcrede s\u00f6nd\u00fcr\u00fcld\u00fc. Yang\u0131n, Hasan Efendi Mahallesi\u2019nde bulunan Ayd\u0131n Devlet Hastanesi\u2019nde saat 18.00 s\u0131ralar\u0131nda meydana geldi. Edinilen bilgiye g\u00f6re, hastanenin eksi 1 kat\u0131nda bulunan terzihanede hen\u00fcz bilinmeyen bir nedenle yang\u0131n&#8230;<\/p>\n","protected":false},"author":1,"featured_media":22635,"comment_status":"open","ping_status":"open","sticky":false,"template":"","format":"standard","meta":{"_crdt_document":"","footnotes":""},"categories":[5],"tags":[],"class_list":["post-22634","post","type-post","status-publish","format-standard","has-post-thumbnail","hentry","category-asayis"],"_links":{"self":[{"href":"https:\/\/www.egemtv.com\/index.php?rest_route=\/wp\/v2\/posts\/22634","targetHints":{"allow":["GET"]}}],"collection":[{"href":"https:\/\/www.egemtv.com\/index.php?rest_route=\/wp\/v2\/posts"}],"about":[{"href":"https:\/\/www.egemtv.com\/index.php?rest_route=\/wp\/v2\/types\/post"}],"author":[{"embeddable":true,"href":"https:\/\/www.egemtv.com\/index.php?rest_route=\/wp\/v2\/users\/1"}],"replies":[{"embeddable":true,"href":"https:\/\/www.egemtv.com\/index.php?rest_route=%2Fwp%2Fv2%2Fcomments&post=22634"}],"version-history":[{"count":1,"href":"https:\/\/www.egemtv.com\/index.php?rest_route=\/wp\/v2\/posts\/22634\/revisions"}],"predecessor-version":[{"id":22636,"href":"https:\/\/www.egemtv.com\/index.php?rest_route=\/wp\/v2\/posts\/22634\/revisions\/22636"}],"wp:featuredmedia":[{"embeddable":true,"href":"https:\/\/www.egemtv.com\/index.php?rest_route=\/wp\/v2\/media\/22635"}],"wp:attachment":[{"href":"https:\/\/www.egemtv.com\/index.php?rest_route=%2Fwp%2Fv2%2Fmedia&parent=22634"}],"wp:term":[{"taxonomy":"category","embeddable":true,"href":"https:\/\/www.egemtv.com\/index.php?rest_route=%2Fwp%2Fv2%2Fcategories&post=22634"},{"taxonomy":"post_tag","embeddable":true,"href":"https:\/\/www.egemtv.com\/index.php?rest_route=%2Fwp%2Fv2%2Ftags&post=22634"}],"curies":[{"name":"wp","href":"https:\/\/api.w.org\/{rel}","templated":true}]}}