{"id":22598,"date":"2025-02-26T16:52:53","date_gmt":"2025-02-26T13:52:53","guid":{"rendered":"https:\/\/www.egemtv.com\/?p=22598"},"modified":"2025-02-26T16:52:57","modified_gmt":"2025-02-26T13:52:57","slug":"marmariste-2-bin-400-aile-icin-destek-paketleri-hazirlandi","status":"publish","type":"post","link":"https:\/\/www.egemtv.com\/?p=22598","title":{"rendered":"Marmaris\u2019te 2 bin 400 aile i\u00e7in destek paketleri haz\u0131rland\u0131"},"content":{"rendered":"<p>Marmaris Belediyesi Ramazan ay\u0131nda da ihtiya\u00e7 sahiplerine destek olacak. Bu kapsamda yakla\u015f\u0131k 2 bin 400 aile i\u00e7in haz\u0131rlanan destek paketleri muhtarl\u0131klara g\u00f6nderilecek.<\/p>\n<p>Yard\u0131mla\u015fma ve dayan\u0131\u015fma ay\u0131 olan Ramazan\u2019da Marmaris Belediyesi yine ihtiya\u00e7 sahiplerinin yan\u0131nda olacak. Bu y\u0131l da dar gelirli ailelere erzak yard\u0131m\u0131 yapacak olan belediye, ayr\u0131ca iftar yeme\u011fi de da\u011f\u0131tacak. Ramazan ay\u0131 i\u00e7in haz\u0131rl\u0131klar\u0131n\u0131 tamamlayan Marmaris Belediyesi, bu \u00e7er\u00e7evede dar gelirli olduklar\u0131 mahalle muhtarlar\u0131 taraf\u0131ndan tespit edilen veya belediyeden sosyal destek alan ihtiya\u00e7 sahibi ailelere erzak paketi da\u011f\u0131tacak. Yakla\u015f\u0131k 2 bin 400 aileye verilecek destek paketleri muhtarl\u0131klara ula\u015ft\u0131r\u0131lmak \u00fczere haz\u0131rland\u0131.<\/p>\n<p>\u00d6te yandan Marmaris Belediyesi Ramazan ay\u0131 boyunca Erkan I\u015f\u0131ksal Spor Tesisleri\u2019nin yan\u0131nda yer alan mutfaktan da g\u00fcnde 3 \u00e7e\u015fit yemek da\u011f\u0131t\u0131m\u0131 yapacak. Ramazan ay\u0131 s\u00fcresince her g\u00fcn saat 16.00\u2019da ger\u00e7ekle\u015ftirilecek yemek da\u011f\u0131t\u0131m\u0131ndan yararlanmak isteyen vatanda\u015flar yemek kaplar\u0131yla birlikte gelerek belediye a\u015f\u00e7\u0131lar\u0131 taraf\u0131ndan yap\u0131lan yemeklerden alabilecek. Ayr\u0131ca iftar yeme\u011fine katk\u0131 sunmak isteyen yard\u0131msever vatanda\u015flar da belediyeyi arayarak bilgi al\u0131p destek sa\u011flayabilecek.<br \/><\/p>\n","protected":false},"excerpt":{"rendered":"<p>Marmaris Belediyesi Ramazan ay\u0131nda da ihtiya\u00e7 sahiplerine destek olacak. Bu kapsamda yakla\u015f\u0131k 2 bin 400 aile i\u00e7in haz\u0131rlanan destek paketleri muhtarl\u0131klara g\u00f6nderilecek. Yard\u0131mla\u015fma ve dayan\u0131\u015fma ay\u0131 olan Ramazan\u2019da Marmaris Belediyesi yine ihtiya\u00e7 sahiplerinin yan\u0131nda olacak. Bu y\u0131l da dar gelirli ailelere erzak yard\u0131m\u0131 yapacak olan belediye, ayr\u0131ca iftar yeme\u011fi de da\u011f\u0131tacak. Ramazan ay\u0131 i\u00e7in haz\u0131rl\u0131klar\u0131n\u0131&#8230;<\/p>\n","protected":false},"author":1,"featured_media":22599,"comment_status":"open","ping_status":"open","sticky":false,"template":"","format":"standard","meta":{"_crdt_document":"","footnotes":""},"categories":[1],"tags":[],"class_list":["post-22598","post","type-post","status-publish","format-standard","has-post-thumbnail","hentry","category-guncel"],"_links":{"self":[{"href":"https:\/\/www.egemtv.com\/index.php?rest_route=\/wp\/v2\/posts\/22598","targetHints":{"allow":["GET"]}}],"collection":[{"href":"https:\/\/www.egemtv.com\/index.php?rest_route=\/wp\/v2\/posts"}],"about":[{"href":"https:\/\/www.egemtv.com\/index.php?rest_route=\/wp\/v2\/types\/post"}],"author":[{"embeddable":true,"href":"https:\/\/www.egemtv.com\/index.php?rest_route=\/wp\/v2\/users\/1"}],"replies":[{"embeddable":true,"href":"https:\/\/www.egemtv.com\/index.php?rest_route=%2Fwp%2Fv2%2Fcomments&post=22598"}],"version-history":[{"count":1,"href":"https:\/\/www.egemtv.com\/index.php?rest_route=\/wp\/v2\/posts\/22598\/revisions"}],"predecessor-version":[{"id":22600,"href":"https:\/\/www.egemtv.com\/index.php?rest_route=\/wp\/v2\/posts\/22598\/revisions\/22600"}],"wp:featuredmedia":[{"embeddable":true,"href":"https:\/\/www.egemtv.com\/index.php?rest_route=\/wp\/v2\/media\/22599"}],"wp:attachment":[{"href":"https:\/\/www.egemtv.com\/index.php?rest_route=%2Fwp%2Fv2%2Fmedia&parent=22598"}],"wp:term":[{"taxonomy":"category","embeddable":true,"href":"https:\/\/www.egemtv.com\/index.php?rest_route=%2Fwp%2Fv2%2Fcategories&post=22598"},{"taxonomy":"post_tag","embeddable":true,"href":"https:\/\/www.egemtv.com\/index.php?rest_route=%2Fwp%2Fv2%2Ftags&post=22598"}],"curies":[{"name":"wp","href":"https:\/\/api.w.org\/{rel}","templated":true}]}}