{"id":22595,"date":"2025-02-26T16:52:49","date_gmt":"2025-02-26T13:52:49","guid":{"rendered":"https:\/\/www.egemtv.com\/?p=22595"},"modified":"2025-02-26T16:52:53","modified_gmt":"2025-02-26T13:52:53","slug":"mugla-jandarmasindan-ogrencilere-kask-ve-koruyucu-ekipman-bilgilendirmesi","status":"publish","type":"post","link":"https:\/\/www.egemtv.com\/?p=22595","title":{"rendered":"Mu\u011fla Jandarmas\u0131ndan \u00f6\u011frencilere kask ve koruyucu ekipman bilgilendirmesi"},"content":{"rendered":"<p>Mu\u011fla \u0130l Jandarma Komutanl\u0131\u011f\u0131 Trafik \u015eube M\u00fcd\u00fcrl\u00fc\u011f\u00fc ve Trafik Jandarmas\u0131 ekipleri taraf\u0131ndan \u2018Kask\u0131n Kapal\u0131, Yolun Ac\u0131k Olsun\u2019 ve \u2018Kask Olsun, Can\u0131n Sa\u011folsun\u2019  projeleri kapsam\u0131nda \u00f6\u011frencilere y\u00f6nelik bilgilendirme \u00e7al\u0131\u015fmalar\u0131 devam ediyor.<br \/>\n<br \/>Proje \u00e7er\u00e7evesinde Bodrum Hay\u0131rl\u0131 Sabanc\u0131 Anadolu Lisesi, Mente\u015fe Turgutreis Anadolu Lisesi, Mente\u015fe Mesleki E\u011fitim Merkezi, Mu\u011fla Mesleki Anadolu Lisesinde e\u011fitim g\u00f6ren \u00f6\u011frenci ve \u00f6\u011fretmenlere genel trafik ve g\u00fcvenli s\u00fcr\u00fc\u015f kurallar\u0131, motosiklet\/motorlu bisiklet, bisiklet ve skuterlerde kask, koruyucu ekipman ve yelek kullan\u0131m\u0131n\u0131n \u00f6nemi, kask \u00e7e\u015fitleri, alkoll\u00fc ara\u00e7 kullanman\u0131n s\u00fcr\u00fcc\u00fclerdin \u00fczerindeki etkileri, h\u0131z kurallar\u0131, zincir sistemi ile ambulanslara yol verilmesi, s\u00fcr\u00fcc\u00fc belgesi s\u0131n\u0131flar\u0131 ile hangi ara\u00e7lar\u0131n kullan\u0131laca\u011f\u0131 konular\u0131nda e\u011fitim verildi.<br \/>\n<br \/>E\u011fitime kat\u0131l\u0131m sa\u011flayan motosiklet ve motorlu bisiklet s\u00fcr\u00fcc\u00fclerine reflekt\u00f6r yelek ve bro\u015f\u00fcr da\u011f\u0131t\u0131ld\u0131.<br \/><\/p>\n","protected":false},"excerpt":{"rendered":"<p>Mu\u011fla \u0130l Jandarma Komutanl\u0131\u011f\u0131 Trafik \u015eube M\u00fcd\u00fcrl\u00fc\u011f\u00fc ve Trafik Jandarmas\u0131 ekipleri taraf\u0131ndan \u2018Kask\u0131n Kapal\u0131, Yolun Ac\u0131k Olsun\u2019 ve \u2018Kask Olsun, Can\u0131n Sa\u011folsun\u2019 projeleri kapsam\u0131nda \u00f6\u011frencilere y\u00f6nelik bilgilendirme \u00e7al\u0131\u015fmalar\u0131 devam ediyor. Proje \u00e7er\u00e7evesinde Bodrum Hay\u0131rl\u0131 Sabanc\u0131 Anadolu Lisesi, Mente\u015fe Turgutreis Anadolu Lisesi, Mente\u015fe Mesleki E\u011fitim Merkezi, Mu\u011fla Mesleki Anadolu Lisesinde e\u011fitim g\u00f6ren \u00f6\u011frenci ve \u00f6\u011fretmenlere genel&#8230;<\/p>\n","protected":false},"author":1,"featured_media":22596,"comment_status":"open","ping_status":"open","sticky":false,"template":"","format":"standard","meta":{"_crdt_document":"","footnotes":""},"categories":[1],"tags":[],"class_list":["post-22595","post","type-post","status-publish","format-standard","has-post-thumbnail","hentry","category-guncel"],"_links":{"self":[{"href":"https:\/\/www.egemtv.com\/index.php?rest_route=\/wp\/v2\/posts\/22595","targetHints":{"allow":["GET"]}}],"collection":[{"href":"https:\/\/www.egemtv.com\/index.php?rest_route=\/wp\/v2\/posts"}],"about":[{"href":"https:\/\/www.egemtv.com\/index.php?rest_route=\/wp\/v2\/types\/post"}],"author":[{"embeddable":true,"href":"https:\/\/www.egemtv.com\/index.php?rest_route=\/wp\/v2\/users\/1"}],"replies":[{"embeddable":true,"href":"https:\/\/www.egemtv.com\/index.php?rest_route=%2Fwp%2Fv2%2Fcomments&post=22595"}],"version-history":[{"count":1,"href":"https:\/\/www.egemtv.com\/index.php?rest_route=\/wp\/v2\/posts\/22595\/revisions"}],"predecessor-version":[{"id":22597,"href":"https:\/\/www.egemtv.com\/index.php?rest_route=\/wp\/v2\/posts\/22595\/revisions\/22597"}],"wp:featuredmedia":[{"embeddable":true,"href":"https:\/\/www.egemtv.com\/index.php?rest_route=\/wp\/v2\/media\/22596"}],"wp:attachment":[{"href":"https:\/\/www.egemtv.com\/index.php?rest_route=%2Fwp%2Fv2%2Fmedia&parent=22595"}],"wp:term":[{"taxonomy":"category","embeddable":true,"href":"https:\/\/www.egemtv.com\/index.php?rest_route=%2Fwp%2Fv2%2Fcategories&post=22595"},{"taxonomy":"post_tag","embeddable":true,"href":"https:\/\/www.egemtv.com\/index.php?rest_route=%2Fwp%2Fv2%2Ftags&post=22595"}],"curies":[{"name":"wp","href":"https:\/\/api.w.org\/{rel}","templated":true}]}}