{"id":22589,"date":"2025-02-26T16:52:41","date_gmt":"2025-02-26T13:52:41","guid":{"rendered":"https:\/\/www.egemtv.com\/?p=22589"},"modified":"2025-02-26T16:52:45","modified_gmt":"2025-02-26T13:52:45","slug":"ozlem-simarik-cinayetinde-yargilanan-9-saniktan-2si-daha-tahliye-edildi","status":"publish","type":"post","link":"https:\/\/www.egemtv.com\/?p=22589","title":{"rendered":"\u00d6zlem \u015e\u0131mar\u0131k cinayetinde yarg\u0131lanan 9 san\u0131ktan 2\u2019si daha tahliye edildi"},"content":{"rendered":"<p>Burdur\u2019da 8 \u015eubat\u2019ta eski e\u015fi taraf\u0131ndan kald\u0131\u011f\u0131 otelde silahla vurulup b\u0131\u00e7aklanan \u00d6zlem \u015e\u0131mar\u0131k\u2019\u0131n \u00f6l\u00fcm\u00fcyle ilgili davan\u0131n ikinci duru\u015fmas\u0131nda yarg\u0131lanan 9 san\u0131ktan 2\u2019si daha tahliye edilirken 5 san\u0131\u011f\u0131n tutukluluk hallerinin devam\u0131na karar verildi. Bu kararla tutuksuz yarg\u0131lanan san\u0131klar\u0131n say\u0131s\u0131 4\u2019e \u00e7\u0131kt\u0131. Azmettirme su\u00e7undan yarg\u0131lanan san\u0131k Adem S. ise mahkeme heyetine &#8220;Duvarda yazan adalet yerini bulacak&#8221; dedi.<br \/>\n<br \/>Burdur\u2019da 8 \u015eubat\u2019ta kasten yaralama su\u00e7undan kapal\u0131 cezaevinde yatarken A\u00e7\u0131k Ceza \u0130nfaz Kurumu\u2019na ge\u00e7ti\u011fi g\u00fcn gitmesi gereken s\u00fcre i\u00e7inde gitmeyip \u00c7avd\u0131r il\u00e7esinde bo\u015fand\u0131\u011f\u0131 e\u015fi \u00d6zlem \u015e\u0131mar\u0131k\u2019\u0131 (28) kald\u0131\u011f\u0131 oteli basarak odas\u0131nda av t\u00fcfe\u011fiyle vurup daha sonra bir\u00e7ok yerinde b\u0131\u00e7aklayarak a\u011f\u0131r yaralayan Tar\u0131k Y. (45) olay yerinden ka\u00e7m\u0131\u015ft\u0131. Hastaneye kald\u0131r\u0131lan 2 \u00e7ocuk annesi \u00d6zlem \u015e\u0131mar\u0131k yap\u0131lan t\u00fcm m\u00fcdahalelere ra\u011fmen hayat\u0131n\u0131 kaybetmi\u015fti. Emniyet ekipleri, ka\u00e7an Tar\u0131k Y.\u2019yi olaydan yakla\u015f\u0131k 6 saat sonra Denizli\u2019nin \u00c7ameli il\u00e7esinde da\u011fl\u0131k alanda bulunan bir gazinoda yapt\u0131\u011f\u0131 operasyonla yakalad\u0131. G\u00f6zalt\u0131na al\u0131nan Tar\u0131k Y. i\u015flemler i\u00e7in G\u00f6lhisar \u0130l\u00e7e Emniyet M\u00fcd\u00fcrl\u00fc\u011f\u00fc\u2019ne getirilirken Tar\u0131k Y.\u2019ye yard\u0131m ve yatakl\u0131k yapt\u0131\u011f\u0131 iddia edilen Meryem S. (30), Erdal A. (40), Kaz\u0131m \u00d6. (37), Mehmet \u00c7. (27), Mustafa S. (31), \u015eaban A. da (26) g\u00f6zalt\u0131na al\u0131nd\u0131.<br \/>\n<br \/>Emniyetteki i\u015flemlerinin ard\u0131ndan adliyeye sek edilen \u015f\u00fcphelilerden katil zanl\u0131s\u0131 Tar\u0131k Y. ve yard\u0131m eden Erdal A., Kaz\u0131m \u00d6., Mehmet \u00c7., Mustafa S., \u015eaban A. Sulh Ceza Hakimli\u011fince tutuklan\u0131rken Meryem S. ise adli kontrol \u015fart\u0131yla serbest b\u0131rak\u0131ld\u0131. Soru\u015fturman\u0131n derinle\u015ftirilmesinin ard\u0131ndan Tar\u0131k Y.\u2019ye yard\u0131m etti\u011fi tespit edilen Meryem S. ve azmettirici olmakla su\u00e7lanan Adem S. (36), ve G\u00f6kay S.(33) 14 May\u0131s g\u00fcn\u00fc g\u00f6zalt\u0131na al\u0131narak \u00e7\u0131kar\u0131ld\u0131\u011f\u0131 mahkemece tutuklan\u0131p cezaevine g\u00f6nderildi. Yarg\u0131laman\u0131n 25 Aral\u0131k 2024 tarihinde g\u00f6r\u00fclen birinci duru\u015fmas\u0131nda ise tutuklulardan Kaz\u0131m \u00d6. ve Mustafa S.\u2019nin adli kontrol \u015fart\u0131yla serbest b\u0131rak\u0131lmas\u0131na, di\u011fer tutuklu san\u0131klar\u0131n ise tutukluluk hallerinin devam\u0131na karar verilmi\u015fti.<br \/>\n<br \/>Bug\u00fcn Burdur 2. Ag\u0306\u0131r Ceza Mahkemesi\u2019nde go\u0308ru\u0308len ikinci durus\u0327mas\u0131nda tutuklu san\u0131klar Tar\u0131k Y., Erdal A., Mehmet C\u0327., S\u0327aban A., Adem S., Go\u0308kay S., Meryem S. ve tutuksuz yarg\u0131lanan san\u0131klar Kaz\u0131m O\u0308. ve Mustafa S., ile taraf avukatlar\u0131 haz\u0131r bulundu.<br \/>\n<br \/>Durus\u0327mada 4\u2019\u00fc polis 8 tan\u0131\u011f\u0131n dinlenmesinin ard\u0131ndan iddia makam\u0131 dosyadaki eksik hususlar\u0131n giderilmesini, tutuklu san\u0131klar\u0131n tutukluluk hallerinin devam\u0131n\u0131 tutuksuz yarg\u0131lanan san\u0131klar hakk\u0131nda da uygulanan adli kontrol hu\u0308ku\u0308mlerinin devam\u0131n\u0131 talep etti.<br \/>\n<br \/>Maktul O\u0308zlem S\u0327\u0131mar\u0131k\u2019\u0131n avukatlar\u0131 ise san\u0131klar\u0131n tutukluluk hallerinin devam\u0131na karar verilmesini talep etti.<br \/>\n<br \/>San\u0131klardan Meryem S., Erdal A., Mehmet C\u0327., S\u0327aban A., Adem S. ve Go\u0308kay S.\u2018nin avukatlar\u0131 mu\u0308vekkillerinin iddianamede aleyhlerine olan maddeleri kabul etmediklerini beyan ederek mu\u0308vekkillerinin 1 y\u0131ldan fazla su\u0308redir hapis yatt\u0131klar\u0131n\u0131, kac\u0327ma ve delilleri karartma s\u0327u\u0308phesi bulunmad\u0131g\u0306\u0131 ic\u0327in tahliyelerini, mahkeme heyeti aksi du\u0308s\u0327u\u0308ncede ise adli kontrol s\u0327art\u0131yla serbest b\u0131rak\u0131lmalar\u0131n\u0131 talep etti.<br \/>\n<br \/>Tutuksuz san\u0131klar Kaz\u0131m O\u0308. ve Mustafa S.\u2019nin avukatlar\u0131 ise mu\u0308vekkillerinin haklar\u0131ndaki adli kontrol hu\u0308ku\u0308mlerinin kald\u0131r\u0131lmas\u0131n\u0131 ve beraatlerini istedi.<br \/>\n<br \/>Mahkemede so\u0308z verilen san\u0131klardan Meryem S. mahkemede dinlenen tan\u0131klar\u0131 tan\u0131mad\u0131g\u0306\u0131n\u0131 beyan ederek, &#8220;O\u0308zlem\u2019in o\u0308lmesini istemem ic\u0327in herhangi bir neden yoktur. Mu\u0308talaay\u0131 kabul etmiyorum, tahliyemi talep ediyorum&#8221; dedi.<br \/>\n<br \/>San\u0131k Erdal A., Mehmet C\u0327., S\u0327aban A. cinayet ile hic\u0327bir alakalar\u0131n\u0131n bulunmad\u0131g\u0306\u0131n\u0131, suc\u0327suz olduklar\u0131n\u0131 ve o\u0308nceki savunmalar\u0131n\u0131 tekrar ettiklerini dile getirerek beraatlerini, mahkeme heyeti aksi kanaatte ise adli kontrol s\u0327art\u0131yla tahliyelerini talep ettiler.<br \/>\n<br \/>Tutuksuz san\u0131klar Kaz\u0131m O\u0308. ve Mustafa S. olayla hic\u0327 bir ilgilerinin bulunmad\u0131g\u0306\u0131n\u0131 belirterek haklar\u0131ndaki adli kontrol hu\u0308ku\u0308mlerinin kald\u0131r\u0131lmas\u0131n\u0131 istediler.<br \/>\n<br \/>O\u0308zlem S\u0327\u0131mar\u0131k\u2019\u0131 o\u0308ldu\u0308rmekten yarg\u0131lanan tutuklu san\u0131k Tar\u0131k Y. ise o\u0308nceki savunmalar\u0131n\u0131n tekrar ettig\u0306ini, bu as\u0327amada herhangi bir so\u0308yleyeceg\u0306inin bulunmad\u0131g\u0306\u0131n\u0131 s\u00f6yledi.<br \/>\n<br \/>O\u0308zlem S\u0327\u0131mar\u0131k\u2019\u0131n o\u0308ldu\u0308ru\u0308lmesi olay\u0131nda azmettirme suc\u0327u ile yarg\u0131lanan Go\u0308kay S. mahkeme heyetine, &#8220;10 ayd\u0131r o\u0308mru\u0308mden al\u0131n\u0131yor. Benim olayla hic\u0327bir ilgim yok. Baz istasyonu ve HTS kay\u0131tlar\u0131na bak\u0131lmas\u0131n\u0131, olayda kullan\u0131lan b\u0131c\u0327akta benim DNA\u2019m\u0131n olup olmad\u0131g\u0306\u0131na bak\u0131lmas\u0131n\u0131 talep ediyorum. Bu dosyada yarg\u0131lanmam\u0131n tek nedeni u\u0308zerime at\u0131lan iftirad\u0131r. Ben suc\u0327suzlug\u0306umun ortaya c\u0327\u0131kar\u0131lmas\u0131n\u0131 ve bu s\u0327ekilde beraatimi talep ediyorum&#8221; dedi.<br \/>\n<br \/>\u00d6zlem \u015e\u0131mar\u0131k\u2019\u0131n \u00f6ld\u00fcr\u00fclmesinde bir azmettirme su\u00e7undan yarg\u0131lanan bir di\u011fer san\u0131k Adem S. ise mahkeme heyetine &#8220;Duvarda yazan adalet yerini bulacak&#8221; diyerek, &#8220;Bu i\u015fi Tar\u0131k kendi karar\u0131yla yapt\u0131. \u015eaban A. da ona yard\u0131m etti. Bu ki\u015filerin \u00fczerime att\u0131\u011f\u0131 iftira nedeniyle ka\u00e7 ayd\u0131r tutukluyum. Bu su\u00e7tan aklanarak beraatimi talep ediyorum&#8221; ifadelerini kulland\u0131.<br \/>\n<br \/>Gergin ge\u00e7en mahkemede azmettirme su\u00e7uyla yarg\u0131lanan karde\u015fler G\u00f6kay S. ve Adem S. ise katil zanl\u0131s\u0131 olarak yarg\u0131lanan Tar\u0131k Y. aras\u0131nda s\u00f6zl\u00fc tart\u0131\u015fma \u00e7\u0131kt\u0131.<br \/>\n<br \/>Mahkeme heyeti duru\u015fmaya verdi\u011fi aran\u0131n ard\u0131ndan tutuklu san\u0131klar Tar\u0131k Y., Erdal A., Mehmet \u00c7., \u015eaban A. ve Adem S.\u2019nin tutukluluk hallerinin devam\u0131na, tutuksuz yarg\u0131lanan san\u0131klar Kaz\u0131m \u00d6. ve Mustafa S.\u2019nin adli kontrol\u00fcn\u00fcn devam\u0131na, tutuklu san\u0131klardan Meryem S. ve G\u00f6kay S.\u2019nin ise tutuksuz yarg\u0131lanmas\u0131na ve haklar\u0131nda adli kontrol h\u00fck\u00fcmlerinin uygulanmas\u0131na karar vererek duru\u015fmay\u0131 ileri bir tarihe erteledi.<br \/>\n<br \/>Duru\u015fma sonras\u0131 a\u00e7\u0131klama yapan \u00d6nce \u00c7ocuklar ve Kad\u0131nlar Derne\u011fi\u2019nden avukat Ya\u011fmur Bur\u00e7in Say\u0131n, &#8220;\u00d6nce \u00c7ocuklar ve Kad\u0131nlar Derne\u011fi olarak bug\u00fcn \u00d6zlem \u015e\u0131mar\u0131k\u2019\u0131n ikinci duru\u015fmas\u0131ndayd\u0131k. \u0130ki tane tahliye var. Savc\u0131 m\u00fctalaas\u0131nda san\u0131klar\u0131n tutukluluk hallerinin devam\u0131n\u0131 istedi. San\u0131klardan 5\u2019i tutuklu yarg\u0131lanmakta. Biz kad\u0131n cinayetleri, \u00d6zlem ve \u00d6zlem gibi b\u00fct\u00fcn kad\u0131nlar i\u00e7in m\u00fccadelemizi devam ettiriyoruz. Bu dosyan\u0131n da takip\u00e7isi olaca\u011f\u0131z. Bir sonraki celse 25 Nisan\u2019a ertelendi. Dernek olarak takipteyiz. En a\u011f\u0131r cezadan cezaland\u0131r\u0131lma talebimiz var. Bu vah\u015fice cinayetlere dur demek i\u00e7in \u00e7abam\u0131z devam edecek&#8221; dedi.<br \/><\/p>\n","protected":false},"excerpt":{"rendered":"<p>Burdur\u2019da 8 \u015eubat\u2019ta eski e\u015fi taraf\u0131ndan kald\u0131\u011f\u0131 otelde silahla vurulup b\u0131\u00e7aklanan \u00d6zlem \u015e\u0131mar\u0131k\u2019\u0131n \u00f6l\u00fcm\u00fcyle ilgili davan\u0131n ikinci duru\u015fmas\u0131nda yarg\u0131lanan 9 san\u0131ktan 2\u2019si daha tahliye edilirken 5 san\u0131\u011f\u0131n tutukluluk hallerinin devam\u0131na karar verildi. Bu kararla tutuksuz yarg\u0131lanan san\u0131klar\u0131n say\u0131s\u0131 4\u2019e \u00e7\u0131kt\u0131. Azmettirme su\u00e7undan yarg\u0131lanan san\u0131k Adem S. ise mahkeme heyetine &#8220;Duvarda yazan adalet yerini bulacak&#8221; dedi&#8230;.<\/p>\n","protected":false},"author":1,"featured_media":22590,"comment_status":"open","ping_status":"open","sticky":false,"template":"","format":"standard","meta":{"_crdt_document":"","footnotes":""},"categories":[5],"tags":[],"class_list":["post-22589","post","type-post","status-publish","format-standard","has-post-thumbnail","hentry","category-asayis"],"_links":{"self":[{"href":"https:\/\/www.egemtv.com\/index.php?rest_route=\/wp\/v2\/posts\/22589","targetHints":{"allow":["GET"]}}],"collection":[{"href":"https:\/\/www.egemtv.com\/index.php?rest_route=\/wp\/v2\/posts"}],"about":[{"href":"https:\/\/www.egemtv.com\/index.php?rest_route=\/wp\/v2\/types\/post"}],"author":[{"embeddable":true,"href":"https:\/\/www.egemtv.com\/index.php?rest_route=\/wp\/v2\/users\/1"}],"replies":[{"embeddable":true,"href":"https:\/\/www.egemtv.com\/index.php?rest_route=%2Fwp%2Fv2%2Fcomments&post=22589"}],"version-history":[{"count":1,"href":"https:\/\/www.egemtv.com\/index.php?rest_route=\/wp\/v2\/posts\/22589\/revisions"}],"predecessor-version":[{"id":22591,"href":"https:\/\/www.egemtv.com\/index.php?rest_route=\/wp\/v2\/posts\/22589\/revisions\/22591"}],"wp:featuredmedia":[{"embeddable":true,"href":"https:\/\/www.egemtv.com\/index.php?rest_route=\/wp\/v2\/media\/22590"}],"wp:attachment":[{"href":"https:\/\/www.egemtv.com\/index.php?rest_route=%2Fwp%2Fv2%2Fmedia&parent=22589"}],"wp:term":[{"taxonomy":"category","embeddable":true,"href":"https:\/\/www.egemtv.com\/index.php?rest_route=%2Fwp%2Fv2%2Fcategories&post=22589"},{"taxonomy":"post_tag","embeddable":true,"href":"https:\/\/www.egemtv.com\/index.php?rest_route=%2Fwp%2Fv2%2Ftags&post=22589"}],"curies":[{"name":"wp","href":"https:\/\/api.w.org\/{rel}","templated":true}]}}