{"id":22571,"date":"2025-02-26T15:47:23","date_gmt":"2025-02-26T12:47:23","guid":{"rendered":"https:\/\/www.egemtv.com\/?p=22571"},"modified":"2025-02-26T15:47:27","modified_gmt":"2025-02-26T12:47:27","slug":"yunusemreli-tekvandocular-turgutluda-madalyalari-topladi","status":"publish","type":"post","link":"https:\/\/www.egemtv.com\/?p=22571","title":{"rendered":"Yunusemreli Tekvandocular Turgutlu\u2019da madalyalar\u0131 toplad\u0131"},"content":{"rendered":"<p>Yunusemre Belediyespor\u2019un tekvandocular\u0131, Turgutlu\u2019da d\u00fczenlenen Y\u0131ld\u0131zlar Tekvando \u0130l Birincili\u011finde 12 madalya kazanarak T\u00fcrkiye \u015eampiyonas\u0131 vizesini ald\u0131.<br \/>\n<br \/>Yunusemre Belediyespor\u2019un tekvandocular\u0131, Tekvando \u0130l Temsilcili\u011fi taraf\u0131ndan d\u00fczenlenen Y\u0131ld\u0131zlar Tekvando \u0130l Birincili\u011finde 12 madalyaya imza atarak g\u00f6z doldurdu. Turgutlu Y\u0131ld\u0131r\u0131m Beyaz\u0131t Spor Salonu\u2019nda yap\u0131lan m\u00fcsabakalarda madalyalar\u0131 toplayan sporcular, 17 &#8211; 22 Mart tarihlerinde Antalya\u2019da yap\u0131lacak T\u00fcrkiye \u015eampiyonas\u0131\u2019na kat\u0131lma hakk\u0131n\u0131 elde etti. Buna g\u00f6re y\u0131ld\u0131z k\u0131zlarda 33 kiloda Melisa Kundak, 37 kiloda Meyra Ak birinci, 29 kiloda B\u00fc\u015fra G\u00fclm\u00fc\u015f, 41 kiloda Elif Ugey, 55 kiloda Rumeysa G\u00fcl Akta\u015f, 59 kiloda Ela Eyl\u00fcl Ka\u015fda\u015f ikinci, 29 kiloda Yaren Nisa Akar, 41 kiloda Ela Kunt, 47 kiloda Rengin Ya\u015far \u00fc\u00e7\u00fcnc\u00fc olurken, y\u0131ld\u0131z erkeklerde ise 33 kiloda Enes Sa\u011flam birinci, 37 kiloda Eymen Pa\u015falar ve +65 kiloda Engin Ayaz \u015eahin \u00fc\u00e7\u00fcnc\u00fc oldu.<br \/><\/p>\n","protected":false},"excerpt":{"rendered":"<p>Yunusemre Belediyespor\u2019un tekvandocular\u0131, Turgutlu\u2019da d\u00fczenlenen Y\u0131ld\u0131zlar Tekvando \u0130l Birincili\u011finde 12 madalya kazanarak T\u00fcrkiye \u015eampiyonas\u0131 vizesini ald\u0131. Yunusemre Belediyespor\u2019un tekvandocular\u0131, Tekvando \u0130l Temsilcili\u011fi taraf\u0131ndan d\u00fczenlenen Y\u0131ld\u0131zlar Tekvando \u0130l Birincili\u011finde 12 madalyaya imza atarak g\u00f6z doldurdu. Turgutlu Y\u0131ld\u0131r\u0131m Beyaz\u0131t Spor Salonu\u2019nda yap\u0131lan m\u00fcsabakalarda madalyalar\u0131 toplayan sporcular, 17 &#8211; 22 Mart tarihlerinde Antalya\u2019da yap\u0131lacak T\u00fcrkiye \u015eampiyonas\u0131\u2019na kat\u0131lma hakk\u0131n\u0131&#8230;<\/p>\n","protected":false},"author":1,"featured_media":22572,"comment_status":"open","ping_status":"open","sticky":false,"template":"","format":"standard","meta":{"_crdt_document":"","footnotes":""},"categories":[4],"tags":[],"class_list":["post-22571","post","type-post","status-publish","format-standard","has-post-thumbnail","hentry","category-spor"],"_links":{"self":[{"href":"https:\/\/www.egemtv.com\/index.php?rest_route=\/wp\/v2\/posts\/22571","targetHints":{"allow":["GET"]}}],"collection":[{"href":"https:\/\/www.egemtv.com\/index.php?rest_route=\/wp\/v2\/posts"}],"about":[{"href":"https:\/\/www.egemtv.com\/index.php?rest_route=\/wp\/v2\/types\/post"}],"author":[{"embeddable":true,"href":"https:\/\/www.egemtv.com\/index.php?rest_route=\/wp\/v2\/users\/1"}],"replies":[{"embeddable":true,"href":"https:\/\/www.egemtv.com\/index.php?rest_route=%2Fwp%2Fv2%2Fcomments&post=22571"}],"version-history":[{"count":1,"href":"https:\/\/www.egemtv.com\/index.php?rest_route=\/wp\/v2\/posts\/22571\/revisions"}],"predecessor-version":[{"id":22573,"href":"https:\/\/www.egemtv.com\/index.php?rest_route=\/wp\/v2\/posts\/22571\/revisions\/22573"}],"wp:featuredmedia":[{"embeddable":true,"href":"https:\/\/www.egemtv.com\/index.php?rest_route=\/wp\/v2\/media\/22572"}],"wp:attachment":[{"href":"https:\/\/www.egemtv.com\/index.php?rest_route=%2Fwp%2Fv2%2Fmedia&parent=22571"}],"wp:term":[{"taxonomy":"category","embeddable":true,"href":"https:\/\/www.egemtv.com\/index.php?rest_route=%2Fwp%2Fv2%2Fcategories&post=22571"},{"taxonomy":"post_tag","embeddable":true,"href":"https:\/\/www.egemtv.com\/index.php?rest_route=%2Fwp%2Fv2%2Ftags&post=22571"}],"curies":[{"name":"wp","href":"https:\/\/api.w.org\/{rel}","templated":true}]}}