{"id":22568,"date":"2025-02-26T15:47:18","date_gmt":"2025-02-26T12:47:18","guid":{"rendered":"https:\/\/www.egemtv.com\/?p=22568"},"modified":"2025-02-26T15:47:22","modified_gmt":"2025-02-26T12:47:22","slug":"hayvan-haklari-kurulu-toplantisi-gerceklestirildi","status":"publish","type":"post","link":"https:\/\/www.egemtv.com\/?p=22568","title":{"rendered":"Hayvan Haklar\u0131 Kurulu toplant\u0131s\u0131 ger\u00e7ekle\u015ftirildi"},"content":{"rendered":"<p>Ayd\u0131n\u2019da Vali Yakup Canbolat ba\u015fkanl\u0131\u011f\u0131nda ger\u00e7ekle\u015ftirilen toplant\u0131da sahipsiz hayvanlara ili\u015fkin y\u00fcr\u00fct\u00fclecek \u00e7al\u0131\u015fmalar masaya yat\u0131r\u0131ld\u0131.<\/p>\n<p>Ayd\u0131n\u2019da 2025 Y\u0131l\u0131 Hayvan Haklar\u0131 Kurulu Toplant\u0131s\u0131 Ayd\u0131n Valisi Yakup Canbolat ba\u015fkanl\u0131\u011f\u0131nda ger\u00e7ekle\u015ftirildi. Toplant\u0131da 5199 say\u0131l\u0131 &#8220;Hayvanlar\u0131n Korunmas\u0131 Hakk\u0131nda Uygulama Y\u00f6netmeli\u011fi&#8221; kapsam\u0131nda sahipsiz hayvanlara ili\u015fkin y\u00fcr\u00fct\u00fclecek \u00e7al\u0131\u015fmalar, al\u0131nacak tedbirler ve \u00f6neriler de\u011ferlendirildi. Belediye ba\u015fkanlar\u0131 ve ilgili kurumlar\u0131n temsilcilerinin kat\u0131ld\u0131\u011f\u0131 toplant\u0131da, hayvanlar\u0131n bak\u0131m ve rehabilitasyon s\u00fcre\u00e7leri de g\u00f6r\u00fc\u015f\u00fcld\u00fc. Hem sahipsiz hayvanlar\u0131 hem de toplum huzurunu g\u00fcvence alt\u0131na almak amac\u0131yla d\u00fczenlenen toplant\u0131ya Ayd\u0131n Valisi Yakup Canbolat, \u0130l Jandarma Komutan\u0131 Ali Naci Aldemir, Do\u011fa Koruma ve Milli Parklar (DKMP) Ayd\u0131n \u015eube M\u00fcd\u00fcr\u00fc Egemen \u0130\u015fcan, il\u00e7e belediye ba\u015fkanlar\u0131, ilgili kamu kurumlar\u0131n\u0131n temsilcileri kat\u0131ld\u0131.<br \/><\/p>\n","protected":false},"excerpt":{"rendered":"<p>Ayd\u0131n\u2019da Vali Yakup Canbolat ba\u015fkanl\u0131\u011f\u0131nda ger\u00e7ekle\u015ftirilen toplant\u0131da sahipsiz hayvanlara ili\u015fkin y\u00fcr\u00fct\u00fclecek \u00e7al\u0131\u015fmalar masaya yat\u0131r\u0131ld\u0131. Ayd\u0131n\u2019da 2025 Y\u0131l\u0131 Hayvan Haklar\u0131 Kurulu Toplant\u0131s\u0131 Ayd\u0131n Valisi Yakup Canbolat ba\u015fkanl\u0131\u011f\u0131nda ger\u00e7ekle\u015ftirildi. Toplant\u0131da 5199 say\u0131l\u0131 &#8220;Hayvanlar\u0131n Korunmas\u0131 Hakk\u0131nda Uygulama Y\u00f6netmeli\u011fi&#8221; kapsam\u0131nda sahipsiz hayvanlara ili\u015fkin y\u00fcr\u00fct\u00fclecek \u00e7al\u0131\u015fmalar, al\u0131nacak tedbirler ve \u00f6neriler de\u011ferlendirildi. Belediye ba\u015fkanlar\u0131 ve ilgili kurumlar\u0131n temsilcilerinin kat\u0131ld\u0131\u011f\u0131 toplant\u0131da, hayvanlar\u0131n&#8230;<\/p>\n","protected":false},"author":1,"featured_media":22569,"comment_status":"open","ping_status":"open","sticky":false,"template":"","format":"standard","meta":{"_crdt_document":"","footnotes":""},"categories":[1],"tags":[],"class_list":["post-22568","post","type-post","status-publish","format-standard","has-post-thumbnail","hentry","category-guncel"],"_links":{"self":[{"href":"https:\/\/www.egemtv.com\/index.php?rest_route=\/wp\/v2\/posts\/22568","targetHints":{"allow":["GET"]}}],"collection":[{"href":"https:\/\/www.egemtv.com\/index.php?rest_route=\/wp\/v2\/posts"}],"about":[{"href":"https:\/\/www.egemtv.com\/index.php?rest_route=\/wp\/v2\/types\/post"}],"author":[{"embeddable":true,"href":"https:\/\/www.egemtv.com\/index.php?rest_route=\/wp\/v2\/users\/1"}],"replies":[{"embeddable":true,"href":"https:\/\/www.egemtv.com\/index.php?rest_route=%2Fwp%2Fv2%2Fcomments&post=22568"}],"version-history":[{"count":1,"href":"https:\/\/www.egemtv.com\/index.php?rest_route=\/wp\/v2\/posts\/22568\/revisions"}],"predecessor-version":[{"id":22570,"href":"https:\/\/www.egemtv.com\/index.php?rest_route=\/wp\/v2\/posts\/22568\/revisions\/22570"}],"wp:featuredmedia":[{"embeddable":true,"href":"https:\/\/www.egemtv.com\/index.php?rest_route=\/wp\/v2\/media\/22569"}],"wp:attachment":[{"href":"https:\/\/www.egemtv.com\/index.php?rest_route=%2Fwp%2Fv2%2Fmedia&parent=22568"}],"wp:term":[{"taxonomy":"category","embeddable":true,"href":"https:\/\/www.egemtv.com\/index.php?rest_route=%2Fwp%2Fv2%2Fcategories&post=22568"},{"taxonomy":"post_tag","embeddable":true,"href":"https:\/\/www.egemtv.com\/index.php?rest_route=%2Fwp%2Fv2%2Ftags&post=22568"}],"curies":[{"name":"wp","href":"https:\/\/api.w.org\/{rel}","templated":true}]}}