{"id":22565,"date":"2025-02-26T15:47:15","date_gmt":"2025-02-26T12:47:15","guid":{"rendered":"https:\/\/www.egemtv.com\/?p=22565"},"modified":"2025-02-26T15:47:18","modified_gmt":"2025-02-26T12:47:18","slug":"sehzadeler-belediyesinden-asagicobanisa-mahallesine-tarimsal-destek","status":"publish","type":"post","link":"https:\/\/www.egemtv.com\/?p=22565","title":{"rendered":"\u015eehzadeler Belediyesi\u2019nden A\u015fa\u011f\u0131\u00e7obanisa Mahallesi\u2019ne tar\u0131msal destek"},"content":{"rendered":"<p>\u015eehzadeler Belediyesi, \u00e7ift\u00e7ilerin suya eri\u015fimini kolayla\u015ft\u0131rmak i\u00e7in A\u015fa\u011f\u0131\u00e7obanisa Mahallesi\u2019nde tar\u0131msal ama\u00e7l\u0131 su tank\u0131 kurulumu i\u00e7in beton zemin \u00e7al\u0131\u015fmas\u0131na ba\u015flad\u0131.<br \/>\n<br \/>\u015eehzadeler Belediyesi Fen \u0130\u015fleri M\u00fcd\u00fcrl\u00fc\u011f\u00fc ekipleri, A\u015fa\u011f\u0131\u00e7obanisa Mahallesi\u2019nde tar\u0131msal ama\u00e7l\u0131 su tank\u0131n\u0131n kurulaca\u011f\u0131 alanda beton zemin \u00e7al\u0131\u015fmas\u0131na ba\u015flad\u0131. \u00c7ift\u00e7ilerin su ihtiyac\u0131n\u0131 kar\u015f\u0131lamaya y\u00f6nelik yap\u0131lan bu altyap\u0131 \u00e7al\u0131\u015fmas\u0131, mahallede tar\u0131msal \u00fcretimi desteklemek ve suya eri\u015fimi kolayla\u015ft\u0131rmak amac\u0131yla ger\u00e7ekle\u015ftiriliyor. \u015eehzadeler Belediye Ba\u015fkan\u0131 G\u00fcl\u015fah Durbay, yap\u0131lan \u00e7al\u0131\u015fman\u0131n b\u00f6lgedeki tar\u0131msal faaliyetlere katk\u0131 sa\u011flayaca\u011f\u0131n\u0131 belirterek, &#8220;\u00dcreticilerimizin ihtiya\u00e7lar\u0131n\u0131 g\u00f6z \u00f6n\u00fcnde bulundurarak gerekli altyap\u0131 d\u00fczenlemelerini yapmaya devam ediyoruz. \u00c7ift\u00e7ilerimizin yan\u0131nda olmaya ve tar\u0131msal \u00fcretimi desteklemeye devam edece\u011fiz&#8221; dedi.<br \/><\/p>\n","protected":false},"excerpt":{"rendered":"<p>\u015eehzadeler Belediyesi, \u00e7ift\u00e7ilerin suya eri\u015fimini kolayla\u015ft\u0131rmak i\u00e7in A\u015fa\u011f\u0131\u00e7obanisa Mahallesi\u2019nde tar\u0131msal ama\u00e7l\u0131 su tank\u0131 kurulumu i\u00e7in beton zemin \u00e7al\u0131\u015fmas\u0131na ba\u015flad\u0131. \u015eehzadeler Belediyesi Fen \u0130\u015fleri M\u00fcd\u00fcrl\u00fc\u011f\u00fc ekipleri, A\u015fa\u011f\u0131\u00e7obanisa Mahallesi\u2019nde tar\u0131msal ama\u00e7l\u0131 su tank\u0131n\u0131n kurulaca\u011f\u0131 alanda beton zemin \u00e7al\u0131\u015fmas\u0131na ba\u015flad\u0131. \u00c7ift\u00e7ilerin su ihtiyac\u0131n\u0131 kar\u015f\u0131lamaya y\u00f6nelik yap\u0131lan bu altyap\u0131 \u00e7al\u0131\u015fmas\u0131, mahallede tar\u0131msal \u00fcretimi desteklemek ve suya eri\u015fimi kolayla\u015ft\u0131rmak amac\u0131yla&#8230;<\/p>\n","protected":false},"author":1,"featured_media":22566,"comment_status":"open","ping_status":"open","sticky":false,"template":"","format":"standard","meta":{"_crdt_document":"","footnotes":""},"categories":[125],"tags":[],"class_list":["post-22565","post","type-post","status-publish","format-standard","has-post-thumbnail","hentry","category-ekonomi"],"_links":{"self":[{"href":"https:\/\/www.egemtv.com\/index.php?rest_route=\/wp\/v2\/posts\/22565","targetHints":{"allow":["GET"]}}],"collection":[{"href":"https:\/\/www.egemtv.com\/index.php?rest_route=\/wp\/v2\/posts"}],"about":[{"href":"https:\/\/www.egemtv.com\/index.php?rest_route=\/wp\/v2\/types\/post"}],"author":[{"embeddable":true,"href":"https:\/\/www.egemtv.com\/index.php?rest_route=\/wp\/v2\/users\/1"}],"replies":[{"embeddable":true,"href":"https:\/\/www.egemtv.com\/index.php?rest_route=%2Fwp%2Fv2%2Fcomments&post=22565"}],"version-history":[{"count":1,"href":"https:\/\/www.egemtv.com\/index.php?rest_route=\/wp\/v2\/posts\/22565\/revisions"}],"predecessor-version":[{"id":22567,"href":"https:\/\/www.egemtv.com\/index.php?rest_route=\/wp\/v2\/posts\/22565\/revisions\/22567"}],"wp:featuredmedia":[{"embeddable":true,"href":"https:\/\/www.egemtv.com\/index.php?rest_route=\/wp\/v2\/media\/22566"}],"wp:attachment":[{"href":"https:\/\/www.egemtv.com\/index.php?rest_route=%2Fwp%2Fv2%2Fmedia&parent=22565"}],"wp:term":[{"taxonomy":"category","embeddable":true,"href":"https:\/\/www.egemtv.com\/index.php?rest_route=%2Fwp%2Fv2%2Fcategories&post=22565"},{"taxonomy":"post_tag","embeddable":true,"href":"https:\/\/www.egemtv.com\/index.php?rest_route=%2Fwp%2Fv2%2Ftags&post=22565"}],"curies":[{"name":"wp","href":"https:\/\/api.w.org\/{rel}","templated":true}]}}