{"id":22562,"date":"2025-02-26T15:47:09","date_gmt":"2025-02-26T12:47:09","guid":{"rendered":"https:\/\/www.egemtv.com\/?p=22562"},"modified":"2025-02-26T15:47:15","modified_gmt":"2025-02-26T12:47:15","slug":"denizli-buyuksehirin-ucretsiz-sinema-projesine-buyuk-ilgi","status":"publish","type":"post","link":"https:\/\/www.egemtv.com\/?p=22562","title":{"rendered":"Denizli B\u00fcy\u00fck\u015fehirin \u00fccretsiz sinema projesine b\u00fcy\u00fck ilgi"},"content":{"rendered":"<p>Denizli B\u00fcy\u00fck\u015fehir Belediyesi, sosyal belediyecilik anlay\u0131\u015f\u0131 do\u011frultusunda ilk ve ortaokul \u00f6\u011frencilerine keyifli bir sinema deneyimi yan\u0131nda ailesiyle birlikte yemek ve \u00fccretsiz kitap edinme \u015fans\u0131 sunacak. Projeye \u00f6\u011frencilerin yo\u011fun ilgisi nedeniyle ba\u015fvuru s\u00fcresi uzat\u0131ld\u0131.<br \/>\n<br \/>Denizli B\u00fcy\u00fck\u015fehir Belediyesi \u00f6\u011frencilere \u00f6zel sinema projesi hayata ge\u00e7irdi. Proje kapsam\u0131nda ilk ve ortaokul \u00f6\u011frencileri keyifli bir sinema deneyimi ya\u015fayacak. \u00dccretsiz olarak sunulan sinema biletlerin yan\u0131nda ayr\u0131ca, projeye kat\u0131lan \u00f6\u011frencilere \u00fccretsiz yemek ve kitap da hediye edilecek. Denizli B\u00fcy\u00fck\u015fehir Belediye Ba\u015fkan\u0131 B\u00fclent Nuri \u00c7avu\u015fo\u011flu\u2019nun \u00f6nc\u00fcl\u00fc\u011f\u00fcnde ger\u00e7ekle\u015ftirilen projeyle de dezavantajl\u0131 ailelerin \u00e7ocuklar\u0131n\u0131n sosyal hayata kat\u0131l\u0131m\u0131n\u0131 sa\u011flamay\u0131 ama\u00e7l\u0131yor. Etkinlik Forum \u00c7aml\u0131k ve Teras Park AVM\u2019de d\u00fczenlenecek. Projeden toplamda 8 bin ki\u015fi faydalanabilecek.<br \/>\n<br \/>Sinema projesi i\u00e7in ba\u015fvurular denizli.bel.tr adresinden online olarak yap\u0131lacak.<br \/><\/p>\n","protected":false},"excerpt":{"rendered":"<p>Denizli B\u00fcy\u00fck\u015fehir Belediyesi, sosyal belediyecilik anlay\u0131\u015f\u0131 do\u011frultusunda ilk ve ortaokul \u00f6\u011frencilerine keyifli bir sinema deneyimi yan\u0131nda ailesiyle birlikte yemek ve \u00fccretsiz kitap edinme \u015fans\u0131 sunacak. Projeye \u00f6\u011frencilerin yo\u011fun ilgisi nedeniyle ba\u015fvuru s\u00fcresi uzat\u0131ld\u0131. Denizli B\u00fcy\u00fck\u015fehir Belediyesi \u00f6\u011frencilere \u00f6zel sinema projesi hayata ge\u00e7irdi. Proje kapsam\u0131nda ilk ve ortaokul \u00f6\u011frencileri keyifli bir sinema deneyimi ya\u015fayacak. \u00dccretsiz olarak&#8230;<\/p>\n","protected":false},"author":1,"featured_media":22563,"comment_status":"open","ping_status":"open","sticky":false,"template":"","format":"standard","meta":{"_crdt_document":"","footnotes":""},"categories":[1],"tags":[],"class_list":["post-22562","post","type-post","status-publish","format-standard","has-post-thumbnail","hentry","category-guncel"],"_links":{"self":[{"href":"https:\/\/www.egemtv.com\/index.php?rest_route=\/wp\/v2\/posts\/22562","targetHints":{"allow":["GET"]}}],"collection":[{"href":"https:\/\/www.egemtv.com\/index.php?rest_route=\/wp\/v2\/posts"}],"about":[{"href":"https:\/\/www.egemtv.com\/index.php?rest_route=\/wp\/v2\/types\/post"}],"author":[{"embeddable":true,"href":"https:\/\/www.egemtv.com\/index.php?rest_route=\/wp\/v2\/users\/1"}],"replies":[{"embeddable":true,"href":"https:\/\/www.egemtv.com\/index.php?rest_route=%2Fwp%2Fv2%2Fcomments&post=22562"}],"version-history":[{"count":1,"href":"https:\/\/www.egemtv.com\/index.php?rest_route=\/wp\/v2\/posts\/22562\/revisions"}],"predecessor-version":[{"id":22564,"href":"https:\/\/www.egemtv.com\/index.php?rest_route=\/wp\/v2\/posts\/22562\/revisions\/22564"}],"wp:featuredmedia":[{"embeddable":true,"href":"https:\/\/www.egemtv.com\/index.php?rest_route=\/wp\/v2\/media\/22563"}],"wp:attachment":[{"href":"https:\/\/www.egemtv.com\/index.php?rest_route=%2Fwp%2Fv2%2Fmedia&parent=22562"}],"wp:term":[{"taxonomy":"category","embeddable":true,"href":"https:\/\/www.egemtv.com\/index.php?rest_route=%2Fwp%2Fv2%2Fcategories&post=22562"},{"taxonomy":"post_tag","embeddable":true,"href":"https:\/\/www.egemtv.com\/index.php?rest_route=%2Fwp%2Fv2%2Ftags&post=22562"}],"curies":[{"name":"wp","href":"https:\/\/api.w.org\/{rel}","templated":true}]}}