{"id":22559,"date":"2025-02-26T15:47:05","date_gmt":"2025-02-26T12:47:05","guid":{"rendered":"https:\/\/www.egemtv.com\/?p=22559"},"modified":"2025-02-26T15:47:09","modified_gmt":"2025-02-26T12:47:09","slug":"hayvan-koruma-derneklerinden-baskan-arikana-tesekkur","status":"publish","type":"post","link":"https:\/\/www.egemtv.com\/?p=22559","title":{"rendered":"Hayvan koruma derneklerinden Ba\u015fkan Ar\u0131kan\u2019a te\u015fekk\u00fcr"},"content":{"rendered":"<p>S\u00f6ke Belediyesi\u2019nin sokak hayvanlar\u0131 i\u00e7in hayata ge\u00e7irdi\u011fi \u2018Sevimli Patiler Sevgi Evi\u2019 a\u00e7\u0131l\u0131\u015f\u0131na kat\u0131lan hayvan koruma dernekleri Belediye Ba\u015fkan\u0131 Dr. Mustafa \u0130berya Ar\u0131kan\u2019a a\u00e7t\u0131klar\u0131 merkez i\u00e7in te\u015fekk\u00fcr etti.<\/p>\n<p>S\u00f6ke Belediyesi\u2019nin sokak hayvanlar\u0131 i\u00e7in hayata ge\u00e7irdi\u011fi \u2018Sevimli Patiler Sevgi Evi\u2019 a\u00e7\u0131l\u0131\u015f\u0131na hayvan koruma dernekleri de yo\u011fun ilgi g\u00f6sterdi. A\u00e7\u0131l\u0131\u015fa S\u00f6ke Sokak Hayvanlar\u0131n\u0131 Koruma Derne\u011fi Ba\u015fkan\u0131 Eylem Uyar ve Kurucu Ba\u015fkan\u0131 Recep Dirilen\u2019in yan\u0131 s\u0131ra Ku\u015fadas\u0131 Yar\u0131mada Sev Beni Ya\u015fat Beni Hayvanlar\u0131 ve Do\u011fay\u0131 Koruma Derne\u011fi Ba\u015fkan\u0131 Huri Cengiz de kat\u0131ld\u0131. Dernek ba\u015fkanlar\u0131 a\u00e7\u0131l\u0131\u015f t\u00f6reninde S\u00f6ke Belediye Ba\u015fkan\u0131 Dr. Mustafa \u0130berya Ar\u0131kan ile bir araya gelerek hayvan bak\u0131m ve rehabilitasyon merkezi hakk\u0131nda sohbet etti. Sokak hayvanlar\u0131 i\u00e7in \u00f6nemli bir ihtiyaca duyars\u0131z kalmayarak projeyi S\u00f6ke ve b\u00f6lgeye kazand\u0131rd\u0131\u011f\u0131 i\u00e7in Ba\u015fkan Ar\u0131kan\u2019a te\u015fekk\u00fcr eden dernek ba\u015fkanlar\u0131, Sevimli Patiler Sevgi Evi\u2019nin hayvan dostlar\u0131 i\u00e7in b\u00fcy\u00fck bir kazan\u0131m oldu\u011funu vurgulad\u0131.<\/p>\n<p>Ku\u015fadas\u0131 Yar\u0131mada Sev Beni Ya\u015fat Beni Hayvanlar\u0131 ve Do\u011fay\u0131 Koruma Derne\u011fi Ba\u015fkan\u0131 Huri Cengiz Ba\u015fkan Ar\u0131kan\u2019a \u00e7i\u00e7ek taktim ederken, &#8220;A\u00e7\u0131l\u0131\u015fta duygulu anlar ya\u015fad\u0131m. S\u00f6ke\u2019de uzun zamand\u0131r sokak hayvanlar\u0131 ile ilgili sorunlara duyars\u0131z kalmayan Belediye Ba\u015fkan\u0131m\u0131za \u00e7ok te\u015fekk\u00fcr ediyorum. Bizler de hayvan severler olarak elimizden gelen deste\u011fi vermek istiyoruz. Ger\u00e7ekten \u00e7ok g\u00fczel duygular i\u00e7indeyiz&#8221; dedi.<\/p>\n<p>S\u00f6ke Belediyesi, sokak hayvanlar\u0131n\u0131n bar\u0131nma ve sa\u011fl\u0131k ihtiya\u00e7lar\u0131n\u0131 kar\u015f\u0131lamaya y\u00f6nelik projeleriyle \u00fclkedeki \u00f6rnek belediyeler aras\u0131nda g\u00f6sterilmeyi hedefliyor.<br \/><\/p>\n","protected":false},"excerpt":{"rendered":"<p>S\u00f6ke Belediyesi\u2019nin sokak hayvanlar\u0131 i\u00e7in hayata ge\u00e7irdi\u011fi \u2018Sevimli Patiler Sevgi Evi\u2019 a\u00e7\u0131l\u0131\u015f\u0131na kat\u0131lan hayvan koruma dernekleri Belediye Ba\u015fkan\u0131 Dr. Mustafa \u0130berya Ar\u0131kan\u2019a a\u00e7t\u0131klar\u0131 merkez i\u00e7in te\u015fekk\u00fcr etti. S\u00f6ke Belediyesi\u2019nin sokak hayvanlar\u0131 i\u00e7in hayata ge\u00e7irdi\u011fi \u2018Sevimli Patiler Sevgi Evi\u2019 a\u00e7\u0131l\u0131\u015f\u0131na hayvan koruma dernekleri de yo\u011fun ilgi g\u00f6sterdi. A\u00e7\u0131l\u0131\u015fa S\u00f6ke Sokak Hayvanlar\u0131n\u0131 Koruma Derne\u011fi Ba\u015fkan\u0131 Eylem Uyar&#8230;<\/p>\n","protected":false},"author":1,"featured_media":22560,"comment_status":"open","ping_status":"open","sticky":false,"template":"","format":"standard","meta":{"_crdt_document":"","footnotes":""},"categories":[1],"tags":[],"class_list":["post-22559","post","type-post","status-publish","format-standard","has-post-thumbnail","hentry","category-guncel"],"_links":{"self":[{"href":"https:\/\/www.egemtv.com\/index.php?rest_route=\/wp\/v2\/posts\/22559","targetHints":{"allow":["GET"]}}],"collection":[{"href":"https:\/\/www.egemtv.com\/index.php?rest_route=\/wp\/v2\/posts"}],"about":[{"href":"https:\/\/www.egemtv.com\/index.php?rest_route=\/wp\/v2\/types\/post"}],"author":[{"embeddable":true,"href":"https:\/\/www.egemtv.com\/index.php?rest_route=\/wp\/v2\/users\/1"}],"replies":[{"embeddable":true,"href":"https:\/\/www.egemtv.com\/index.php?rest_route=%2Fwp%2Fv2%2Fcomments&post=22559"}],"version-history":[{"count":1,"href":"https:\/\/www.egemtv.com\/index.php?rest_route=\/wp\/v2\/posts\/22559\/revisions"}],"predecessor-version":[{"id":22561,"href":"https:\/\/www.egemtv.com\/index.php?rest_route=\/wp\/v2\/posts\/22559\/revisions\/22561"}],"wp:featuredmedia":[{"embeddable":true,"href":"https:\/\/www.egemtv.com\/index.php?rest_route=\/wp\/v2\/media\/22560"}],"wp:attachment":[{"href":"https:\/\/www.egemtv.com\/index.php?rest_route=%2Fwp%2Fv2%2Fmedia&parent=22559"}],"wp:term":[{"taxonomy":"category","embeddable":true,"href":"https:\/\/www.egemtv.com\/index.php?rest_route=%2Fwp%2Fv2%2Fcategories&post=22559"},{"taxonomy":"post_tag","embeddable":true,"href":"https:\/\/www.egemtv.com\/index.php?rest_route=%2Fwp%2Fv2%2Ftags&post=22559"}],"curies":[{"name":"wp","href":"https:\/\/api.w.org\/{rel}","templated":true}]}}