{"id":22556,"date":"2025-02-26T15:47:01","date_gmt":"2025-02-26T12:47:01","guid":{"rendered":"https:\/\/www.egemtv.com\/?p=22556"},"modified":"2025-02-26T15:47:05","modified_gmt":"2025-02-26T12:47:05","slug":"egirdirde-modern-tarim-teknikleriyle-mantar-yetistiriciligi-basliyor","status":"publish","type":"post","link":"https:\/\/www.egemtv.com\/?p=22556","title":{"rendered":"E\u011firdir\u2019de modern tar\u0131m teknikleriyle mantar yeti\u015ftiricili\u011fi ba\u015fl\u0131yor"},"content":{"rendered":"<p>Isparta\u2019n\u0131n Ba\u011f\u0131ll\u0131 k\u00f6y\u00fcnde, mantar yeti\u015ftiricili\u011fi kursu ba\u015flat\u0131ld\u0131. Kurs, yerel halk\u0131n ekonomik kalk\u0131nmas\u0131na katk\u0131 sa\u011flamak ve tar\u0131mda \u00e7e\u015fitlili\u011fi art\u0131rmak amac\u0131yla d\u00fczenlendi. Kat\u0131l\u0131mc\u0131lar, mantar \u00fcretimi ve bak\u0131m\u0131n\u0131 \u00f6\u011frenip, sertifika alarak kendi i\u015flerini kurma f\u0131rsat\u0131 elde edecek.<br \/>\n<br \/>Isparta\u2019n\u0131n E\u011firdir il\u00e7esine ba\u011fl\u0131 Ba\u011f\u0131ll\u0131 k\u00f6y\u00fcnde, \u0130l\u00e7e Tar\u0131m ve Orman M\u00fcd\u00fcrl\u00fc\u011f\u00fc ile E\u011firdir Halk E\u011fitim Merkezi i\u015f birli\u011fiyle mantar yeti\u015ftiricili\u011fi kursu a\u00e7\u0131ld\u0131. Yerel halk\u0131n ekonomik kalk\u0131nmas\u0131na katk\u0131 sa\u011flamak ve tar\u0131mda \u00e7e\u015fitlili\u011fi art\u0131rmak amac\u0131yla d\u00fczenlenen kurs, kat\u0131l\u0131mc\u0131lara mantar yeti\u015ftiricili\u011finin temelleri, do\u011fru \u00fcretim teknikleri ve bak\u0131m y\u00f6ntemlerini \u00f6\u011fretiyor.<\/p>\n<p>\u00c7ift\u00e7ilere modern tar\u0131m tekniklerini \u00f6\u011fretmek hedefleniyor<br \/>\n<br \/>Kurs, \u0130l\u00e7e Tar\u0131m ve Orman M\u00fcd\u00fcrl\u00fc\u011f\u00fc\u2019ne ba\u011fl\u0131 uzman teknik personel taraf\u0131ndan veriliyor. E\u011firdir Halk E\u011fitim Merkezi\u2019nin deste\u011fiyle yap\u0131lan bu e\u011fitim program\u0131, \u00e7ift\u00e7ilere modern tar\u0131m tekniklerini \u00f6\u011fretmeyi ama\u00e7l\u0131yor. Kat\u0131l\u0131mc\u0131lar, kurs sonunda ba\u015far\u0131 g\u00f6sterdiklerinde sertifika alacak ve kendi mantar yeti\u015ftiricili\u011fi i\u015flerini kurma f\u0131rsat\u0131na sahip olacak.<\/p>\n<p>Kurs, k\u00f6y halk\u0131na ekonomik kalk\u0131nma f\u0131rsat\u0131 sa\u011flayacak<br \/>\n<br \/>\u0130l\u00e7e Tar\u0131m ve Orman M\u00fcd\u00fcr\u00fc Yahya Enes \u00dcnsal, Ba\u011f\u0131ll\u0131 k\u00f6y\u00fcndeki kursun, b\u00f6lgedeki tar\u0131msal faaliyetlerin \u00e7e\u015fitlendirilmesi a\u00e7\u0131s\u0131ndan \u00f6nemli bir ad\u0131m oldu\u011funu belirterek, e\u011fitim f\u0131rsat\u0131n\u0131n hem kad\u0131nlar hem de erkekler i\u00e7in a\u00e7\u0131k oldu\u011funu vurgulad\u0131. \u00dcnsal, bu kursun k\u00f6y halk\u0131n\u0131n ekonomik kalk\u0131nmas\u0131na \u00f6nemli bir katk\u0131 sa\u011flamay\u0131 hedefledi\u011fini s\u00f6yledi.<br \/><\/p>\n","protected":false},"excerpt":{"rendered":"<p>Isparta\u2019n\u0131n Ba\u011f\u0131ll\u0131 k\u00f6y\u00fcnde, mantar yeti\u015ftiricili\u011fi kursu ba\u015flat\u0131ld\u0131. Kurs, yerel halk\u0131n ekonomik kalk\u0131nmas\u0131na katk\u0131 sa\u011flamak ve tar\u0131mda \u00e7e\u015fitlili\u011fi art\u0131rmak amac\u0131yla d\u00fczenlendi. Kat\u0131l\u0131mc\u0131lar, mantar \u00fcretimi ve bak\u0131m\u0131n\u0131 \u00f6\u011frenip, sertifika alarak kendi i\u015flerini kurma f\u0131rsat\u0131 elde edecek. Isparta\u2019n\u0131n E\u011firdir il\u00e7esine ba\u011fl\u0131 Ba\u011f\u0131ll\u0131 k\u00f6y\u00fcnde, \u0130l\u00e7e Tar\u0131m ve Orman M\u00fcd\u00fcrl\u00fc\u011f\u00fc ile E\u011firdir Halk E\u011fitim Merkezi i\u015f birli\u011fiyle mantar yeti\u015ftiricili\u011fi kursu&#8230;<\/p>\n","protected":false},"author":1,"featured_media":22557,"comment_status":"open","ping_status":"open","sticky":false,"template":"","format":"standard","meta":{"_crdt_document":"","footnotes":""},"categories":[1],"tags":[],"class_list":["post-22556","post","type-post","status-publish","format-standard","has-post-thumbnail","hentry","category-guncel"],"_links":{"self":[{"href":"https:\/\/www.egemtv.com\/index.php?rest_route=\/wp\/v2\/posts\/22556","targetHints":{"allow":["GET"]}}],"collection":[{"href":"https:\/\/www.egemtv.com\/index.php?rest_route=\/wp\/v2\/posts"}],"about":[{"href":"https:\/\/www.egemtv.com\/index.php?rest_route=\/wp\/v2\/types\/post"}],"author":[{"embeddable":true,"href":"https:\/\/www.egemtv.com\/index.php?rest_route=\/wp\/v2\/users\/1"}],"replies":[{"embeddable":true,"href":"https:\/\/www.egemtv.com\/index.php?rest_route=%2Fwp%2Fv2%2Fcomments&post=22556"}],"version-history":[{"count":1,"href":"https:\/\/www.egemtv.com\/index.php?rest_route=\/wp\/v2\/posts\/22556\/revisions"}],"predecessor-version":[{"id":22558,"href":"https:\/\/www.egemtv.com\/index.php?rest_route=\/wp\/v2\/posts\/22556\/revisions\/22558"}],"wp:featuredmedia":[{"embeddable":true,"href":"https:\/\/www.egemtv.com\/index.php?rest_route=\/wp\/v2\/media\/22557"}],"wp:attachment":[{"href":"https:\/\/www.egemtv.com\/index.php?rest_route=%2Fwp%2Fv2%2Fmedia&parent=22556"}],"wp:term":[{"taxonomy":"category","embeddable":true,"href":"https:\/\/www.egemtv.com\/index.php?rest_route=%2Fwp%2Fv2%2Fcategories&post=22556"},{"taxonomy":"post_tag","embeddable":true,"href":"https:\/\/www.egemtv.com\/index.php?rest_route=%2Fwp%2Fv2%2Ftags&post=22556"}],"curies":[{"name":"wp","href":"https:\/\/api.w.org\/{rel}","templated":true}]}}