{"id":22553,"date":"2025-02-26T15:27:38","date_gmt":"2025-02-26T12:27:38","guid":{"rendered":"https:\/\/www.egemtv.com\/?p=22553"},"modified":"2025-02-26T15:27:43","modified_gmt":"2025-02-26T12:27:43","slug":"buyuksehir-masa-tenisi-takimi-57-takim-arasinda-ucuncu-oldu","status":"publish","type":"post","link":"https:\/\/www.egemtv.com\/?p=22553","title":{"rendered":"B\u00fcy\u00fck\u015fehir Masa Tenisi tak\u0131m\u0131 57 tak\u0131m aras\u0131nda \u00fc\u00e7\u00fcnc\u00fc oldu"},"content":{"rendered":"<p>Masa Tenisi K\u00fc\u00e7\u00fckler G\u00fcneybat\u0131 B\u00f6lgesi Tak\u0131m Yar\u0131\u015fmalar\u0131 Denizli\u2019de ger\u00e7ekle\u015ftirildi. Mu\u011fla B\u00fcy\u00fck\u015fehir Belediyesi Spor Kul\u00fcb\u00fc Masa Tenisi sporcular\u0131 turnuvada \u00fc\u00e7\u00fcnc\u00fc olarak 09-13 Nisan 2025 tarihleri aras\u0131nda \u00c7orum\u2019da ger\u00e7ekle\u015ftirilecek olan T\u00fcrkiye \u015eampiyonas\u0131\u2019na kat\u0131lmaya hak kazand\u0131.<br \/>\n<br \/>Denizli\u2019de d\u00fczenlenen K\u00fc\u00e7\u00fckler G\u00fcneybat\u0131 B\u00f6lgesi Tak\u0131m Yar\u0131\u015fmalar\u0131na Mu\u011fla B\u00fcy\u00fck\u015fehir Belediyesi sporcular\u0131 Aybige Feride \u00dcst\u00fcnda\u011f, Bu\u011flem G\u00fcnd\u00fcz, Eyl\u00fcl Demirta\u015f ve Derin Zeynep K\u0131l\u0131\u00e7 ile kat\u0131ld\u0131. Toplamda 57 tak\u0131m ve 180 sporcunun kat\u0131ld\u0131\u011f\u0131 m\u00fcsabakalarda Mu\u011fla B\u00fcy\u00fck\u015fehir Belediyesi Aybige Feride \u00dcst\u00fcnda\u011f, Bu\u011flem G\u00fcnd\u00fcz, Eyl\u00fcl Demirta\u015f ve Derin Zeynep K\u0131l\u0131\u00e7 K\u00fc\u00e7\u00fck Kad\u0131n Tak\u0131m\u0131 ile \u00fc\u00e7\u00fcnc\u00fc oldu ve T\u00fcrkiye \u015eampiyonas\u0131\u2019na kat\u0131lmaya hak kazand\u0131.<br \/>\n<br \/>Mu\u011fla B\u00fcy\u00fck\u015fehir Belediye Ba\u015fkan\u0131 Ahmet Aras Masa Tenisinde elde ettikleri ba\u015far\u0131lar nedeni ile B\u00fcy\u00fck\u015fehir Belediyesi Spor Kul\u00fcb\u00fc K\u00fc\u00e7\u00fck Kad\u0131n Tak\u0131m\u0131\u2019n\u0131 ve antren\u00f6rleri Hale Bal\u0131m \u00dcst\u00fcnda\u011f\u2019\u0131 kutlad\u0131 ve \u00c7orum\u2019da d\u00fczenlenecek T\u00fcrkiye \u015eampiyonas\u0131\u2019nda sporcular\u0131n\u0131n ba\u015far\u0131l\u0131 sonu\u00e7lar elde edece\u011fine de inand\u0131klar\u0131n\u0131 belirtti.<br \/>\n<br \/>Ba\u015fkan Aras; &#8220;Mu\u011fla\u2019m\u0131zda sporun her bran\u015f\u0131nda ba\u015far\u0131l\u0131 sporcular yeti\u015fmesi i\u00e7in B\u00fcy\u00fck\u015fehir Belediyesi olarak \u00e7al\u0131\u015fmalar\u0131m\u0131za devam ediyoruz. Masa tenisi, ok\u00e7uluk, voleybol, taekwondo, satran\u00e7, tenis, atletizm ve di\u011fer spor dallar\u0131nda B\u00fcy\u00fck\u015fehir Spor Kul\u00fcb\u00fcm\u00fcz b\u00fcnyesinde Mu\u011flam\u0131z\u0131 ba\u015far\u0131yla temsil eden sporcular\u0131m\u0131z yeti\u015fiyor ve bu sporcular Milli Tak\u0131ma kadar y\u00fckselerek bizleri de gururland\u0131r\u0131yor. G\u00fcneybat\u0131 B\u00f6lgesi tak\u0131m yar\u0131\u015fmalar\u0131nda elde ettikleri ba\u015far\u0131l\u0131 sonu\u00e7la T\u00fcrkiye \u015eampiyonas\u0131\u2019na kat\u0131lmaya hak kazanan Aybige, Bu\u011flem, Eyl\u00fcl, Derin\u2019i ve onlar\u0131n bu ba\u015far\u0131lar\u0131 elde etmelerini sa\u011flayan antren\u00f6rleri Hale Bal\u0131m \u00dcst\u00fcnda\u011f\u2019\u0131 kutluyorum. T\u00fcrkiye \u015eampiyonas\u0131\u2019nda da bizleri gururland\u0131rmaya devam edeceklerine y\u00fcrekten inan\u0131yorum&#8221; dedi.<br \/><\/p>\n","protected":false},"excerpt":{"rendered":"<p>Masa Tenisi K\u00fc\u00e7\u00fckler G\u00fcneybat\u0131 B\u00f6lgesi Tak\u0131m Yar\u0131\u015fmalar\u0131 Denizli\u2019de ger\u00e7ekle\u015ftirildi. Mu\u011fla B\u00fcy\u00fck\u015fehir Belediyesi Spor Kul\u00fcb\u00fc Masa Tenisi sporcular\u0131 turnuvada \u00fc\u00e7\u00fcnc\u00fc olarak 09-13 Nisan 2025 tarihleri aras\u0131nda \u00c7orum\u2019da ger\u00e7ekle\u015ftirilecek olan T\u00fcrkiye \u015eampiyonas\u0131\u2019na kat\u0131lmaya hak kazand\u0131. Denizli\u2019de d\u00fczenlenen K\u00fc\u00e7\u00fckler G\u00fcneybat\u0131 B\u00f6lgesi Tak\u0131m Yar\u0131\u015fmalar\u0131na Mu\u011fla B\u00fcy\u00fck\u015fehir Belediyesi sporcular\u0131 Aybige Feride \u00dcst\u00fcnda\u011f, Bu\u011flem G\u00fcnd\u00fcz, Eyl\u00fcl Demirta\u015f ve Derin Zeynep K\u0131l\u0131\u00e7&#8230;<\/p>\n","protected":false},"author":1,"featured_media":22554,"comment_status":"open","ping_status":"open","sticky":false,"template":"","format":"standard","meta":{"_crdt_document":"","footnotes":""},"categories":[4],"tags":[],"class_list":["post-22553","post","type-post","status-publish","format-standard","has-post-thumbnail","hentry","category-spor"],"_links":{"self":[{"href":"https:\/\/www.egemtv.com\/index.php?rest_route=\/wp\/v2\/posts\/22553","targetHints":{"allow":["GET"]}}],"collection":[{"href":"https:\/\/www.egemtv.com\/index.php?rest_route=\/wp\/v2\/posts"}],"about":[{"href":"https:\/\/www.egemtv.com\/index.php?rest_route=\/wp\/v2\/types\/post"}],"author":[{"embeddable":true,"href":"https:\/\/www.egemtv.com\/index.php?rest_route=\/wp\/v2\/users\/1"}],"replies":[{"embeddable":true,"href":"https:\/\/www.egemtv.com\/index.php?rest_route=%2Fwp%2Fv2%2Fcomments&post=22553"}],"version-history":[{"count":1,"href":"https:\/\/www.egemtv.com\/index.php?rest_route=\/wp\/v2\/posts\/22553\/revisions"}],"predecessor-version":[{"id":22555,"href":"https:\/\/www.egemtv.com\/index.php?rest_route=\/wp\/v2\/posts\/22553\/revisions\/22555"}],"wp:featuredmedia":[{"embeddable":true,"href":"https:\/\/www.egemtv.com\/index.php?rest_route=\/wp\/v2\/media\/22554"}],"wp:attachment":[{"href":"https:\/\/www.egemtv.com\/index.php?rest_route=%2Fwp%2Fv2%2Fmedia&parent=22553"}],"wp:term":[{"taxonomy":"category","embeddable":true,"href":"https:\/\/www.egemtv.com\/index.php?rest_route=%2Fwp%2Fv2%2Fcategories&post=22553"},{"taxonomy":"post_tag","embeddable":true,"href":"https:\/\/www.egemtv.com\/index.php?rest_route=%2Fwp%2Fv2%2Ftags&post=22553"}],"curies":[{"name":"wp","href":"https:\/\/api.w.org\/{rel}","templated":true}]}}