{"id":22550,"date":"2025-02-26T15:27:33","date_gmt":"2025-02-26T12:27:33","guid":{"rendered":"https:\/\/www.egemtv.com\/?p=22550"},"modified":"2025-02-26T15:27:38","modified_gmt":"2025-02-26T12:27:38","slug":"fetoye-uye-olmaktan-aranan-sahsi-polis-yakaladi","status":"publish","type":"post","link":"https:\/\/www.egemtv.com\/?p=22550","title":{"rendered":"FET\u00d6\u2019ye \u00fcye olmaktan aranan \u015fahs\u0131 polis yakalad\u0131"},"content":{"rendered":"<p>Afyonkarahisar\u2019da Fetullah\u00e7\u0131 ter\u00f6r \u00d6rg\u00fct\u00fc\u2019ne (FET\u00d6) \u00fcye olma su\u00e7undan hakk\u0131nda hapis cezas\u0131 bulunan bir \u015fah\u0131s polis taraf\u0131ndan yakaland\u0131.<br \/>\n<br \/>Edinilen bilgilere g\u00f6re, \u0130l Emniyet M\u00fcd\u00fcrl\u00fc\u011f\u00fc\u2019ne ba\u011fl\u0131 Ter\u00f6rle M\u00fccadele \u015eube M\u00fcd\u00fcrl\u00fc\u011f\u00fc ekipleri FET\u00d6 silahl\u0131 ter\u00f6r \u00f6rg\u00fct\u00fcne \u00fcye olma su\u00e7undan aranan \u015fah\u0131slar\u0131n yakalanmas\u0131na y\u00f6nelik ba\u015flatt\u0131\u011f\u0131 \u00e7al\u0131\u015fmalar\u0131 devam ediyor. Bu \u00e7er\u00e7evede ekipler \u00f6rg\u00fcte \u00fcye olma su\u00e7undan hakk\u0131nda hapis cezas\u0131 bulunan \u0130.\u00c7., isimli \u015fahs\u0131 yakalamak i\u00e7in inceleme ba\u015flatt\u0131. \u015eahs\u0131n pe\u015fine d\u00fc\u015fen ekipler \u015f\u00fcpheliyi kent merkezinde yakalayarak g\u00f6zalt\u0131na ald\u0131. \u015eah\u0131s i\u015flemlerinin ard\u0131ndan sevk edildi\u011fi mahkeme taraf\u0131ndan tutuklanarak cezaevine g\u00f6nderildi.<br \/><\/p>\n","protected":false},"excerpt":{"rendered":"<p>Afyonkarahisar\u2019da Fetullah\u00e7\u0131 ter\u00f6r \u00d6rg\u00fct\u00fc\u2019ne (FET\u00d6) \u00fcye olma su\u00e7undan hakk\u0131nda hapis cezas\u0131 bulunan bir \u015fah\u0131s polis taraf\u0131ndan yakaland\u0131. Edinilen bilgilere g\u00f6re, \u0130l Emniyet M\u00fcd\u00fcrl\u00fc\u011f\u00fc\u2019ne ba\u011fl\u0131 Ter\u00f6rle M\u00fccadele \u015eube M\u00fcd\u00fcrl\u00fc\u011f\u00fc ekipleri FET\u00d6 silahl\u0131 ter\u00f6r \u00f6rg\u00fct\u00fcne \u00fcye olma su\u00e7undan aranan \u015fah\u0131slar\u0131n yakalanmas\u0131na y\u00f6nelik ba\u015flatt\u0131\u011f\u0131 \u00e7al\u0131\u015fmalar\u0131 devam ediyor. Bu \u00e7er\u00e7evede ekipler \u00f6rg\u00fcte \u00fcye olma su\u00e7undan hakk\u0131nda hapis cezas\u0131 bulunan&#8230;<\/p>\n","protected":false},"author":1,"featured_media":22551,"comment_status":"open","ping_status":"open","sticky":false,"template":"","format":"standard","meta":{"_crdt_document":"","footnotes":""},"categories":[5],"tags":[],"class_list":["post-22550","post","type-post","status-publish","format-standard","has-post-thumbnail","hentry","category-asayis"],"_links":{"self":[{"href":"https:\/\/www.egemtv.com\/index.php?rest_route=\/wp\/v2\/posts\/22550","targetHints":{"allow":["GET"]}}],"collection":[{"href":"https:\/\/www.egemtv.com\/index.php?rest_route=\/wp\/v2\/posts"}],"about":[{"href":"https:\/\/www.egemtv.com\/index.php?rest_route=\/wp\/v2\/types\/post"}],"author":[{"embeddable":true,"href":"https:\/\/www.egemtv.com\/index.php?rest_route=\/wp\/v2\/users\/1"}],"replies":[{"embeddable":true,"href":"https:\/\/www.egemtv.com\/index.php?rest_route=%2Fwp%2Fv2%2Fcomments&post=22550"}],"version-history":[{"count":1,"href":"https:\/\/www.egemtv.com\/index.php?rest_route=\/wp\/v2\/posts\/22550\/revisions"}],"predecessor-version":[{"id":22552,"href":"https:\/\/www.egemtv.com\/index.php?rest_route=\/wp\/v2\/posts\/22550\/revisions\/22552"}],"wp:featuredmedia":[{"embeddable":true,"href":"https:\/\/www.egemtv.com\/index.php?rest_route=\/wp\/v2\/media\/22551"}],"wp:attachment":[{"href":"https:\/\/www.egemtv.com\/index.php?rest_route=%2Fwp%2Fv2%2Fmedia&parent=22550"}],"wp:term":[{"taxonomy":"category","embeddable":true,"href":"https:\/\/www.egemtv.com\/index.php?rest_route=%2Fwp%2Fv2%2Fcategories&post=22550"},{"taxonomy":"post_tag","embeddable":true,"href":"https:\/\/www.egemtv.com\/index.php?rest_route=%2Fwp%2Fv2%2Ftags&post=22550"}],"curies":[{"name":"wp","href":"https:\/\/api.w.org\/{rel}","templated":true}]}}