{"id":22547,"date":"2025-02-26T15:07:23","date_gmt":"2025-02-26T12:07:23","guid":{"rendered":"https:\/\/www.egemtv.com\/?p=22547"},"modified":"2025-02-26T15:07:27","modified_gmt":"2025-02-26T12:07:27","slug":"jandarma-egirdirde-kulturel-mirasi-koruma-icin-103-kisiyi-bilgilendirdi","status":"publish","type":"post","link":"https:\/\/www.egemtv.com\/?p=22547","title":{"rendered":"Jandarma, E\u011firdir\u2019de k\u00fclt\u00fcrel miras\u0131 koruma i\u00e7in 103 ki\u015fiyi bilgilendirdi"},"content":{"rendered":"<p>Isparta\u2019n\u0131n E\u011firdir il\u00e7esinde, Merkez Jandarma Karakol Komutanl\u0131\u011f\u0131 taraf\u0131ndan Serpil ve Yukar\u0131g\u00f6kdere k\u00f6ylerinde yap\u0131lan kolluk devriyesi s\u0131ras\u0131nda &#8220;K\u00fclt\u00fcr Varl\u0131klar\u0131m\u0131za Sahip \u00c7\u0131kal\u0131m&#8221; bro\u015f\u00fcrleri da\u011f\u0131t\u0131ld\u0131. 103 vatanda\u015f k\u00fclt\u00fcrel mirasa sahip \u00e7\u0131k\u0131lmas\u0131 konusunda bilgilendirildi.<br \/>\n<br \/>Isparta\u2019n\u0131n E\u011firdir il\u00e7esi Merkez Jandarma Karakol Komutanl\u0131\u011f\u0131 sorumluluk sahas\u0131nda, Serpil ve Yukar\u0131g\u00f6kdere k\u00f6ylerinde \u00f6nleyici kolluk devriye faaliyeti s\u0131ras\u0131nda &#8220;K\u00fclt\u00fcr Varl\u0131klar\u0131m\u0131za Sahip \u00c7\u0131kal\u0131m&#8221; adl\u0131 el bro\u015f\u00fcrleri da\u011f\u0131t\u0131ld\u0131. Bro\u015f\u00fcrler, 103 vatanda\u015fa k\u00fclt\u00fcrel mirasa sahip \u00e7\u0131k\u0131lmas\u0131 gerekti\u011fi konusunda bilgilendirme yap\u0131lmak amac\u0131yla da\u011f\u0131t\u0131ld\u0131. Yap\u0131lan bilgilendirme faaliyetiyle, vatanda\u015flar\u0131n k\u00fclt\u00fcr varl\u0131klar\u0131 hakk\u0131nda daha fazla bilgi sahibi olmalar\u0131 hedeflendi.<br \/><\/p>\n","protected":false},"excerpt":{"rendered":"<p>Isparta\u2019n\u0131n E\u011firdir il\u00e7esinde, Merkez Jandarma Karakol Komutanl\u0131\u011f\u0131 taraf\u0131ndan Serpil ve Yukar\u0131g\u00f6kdere k\u00f6ylerinde yap\u0131lan kolluk devriyesi s\u0131ras\u0131nda &#8220;K\u00fclt\u00fcr Varl\u0131klar\u0131m\u0131za Sahip \u00c7\u0131kal\u0131m&#8221; bro\u015f\u00fcrleri da\u011f\u0131t\u0131ld\u0131. 103 vatanda\u015f k\u00fclt\u00fcrel mirasa sahip \u00e7\u0131k\u0131lmas\u0131 konusunda bilgilendirildi. Isparta\u2019n\u0131n E\u011firdir il\u00e7esi Merkez Jandarma Karakol Komutanl\u0131\u011f\u0131 sorumluluk sahas\u0131nda, Serpil ve Yukar\u0131g\u00f6kdere k\u00f6ylerinde \u00f6nleyici kolluk devriye faaliyeti s\u0131ras\u0131nda &#8220;K\u00fclt\u00fcr Varl\u0131klar\u0131m\u0131za Sahip \u00c7\u0131kal\u0131m&#8221; adl\u0131 el bro\u015f\u00fcrleri&#8230;<\/p>\n","protected":false},"author":1,"featured_media":22548,"comment_status":"open","ping_status":"open","sticky":false,"template":"","format":"standard","meta":{"_crdt_document":"","footnotes":""},"categories":[5],"tags":[],"class_list":["post-22547","post","type-post","status-publish","format-standard","has-post-thumbnail","hentry","category-asayis"],"_links":{"self":[{"href":"https:\/\/www.egemtv.com\/index.php?rest_route=\/wp\/v2\/posts\/22547","targetHints":{"allow":["GET"]}}],"collection":[{"href":"https:\/\/www.egemtv.com\/index.php?rest_route=\/wp\/v2\/posts"}],"about":[{"href":"https:\/\/www.egemtv.com\/index.php?rest_route=\/wp\/v2\/types\/post"}],"author":[{"embeddable":true,"href":"https:\/\/www.egemtv.com\/index.php?rest_route=\/wp\/v2\/users\/1"}],"replies":[{"embeddable":true,"href":"https:\/\/www.egemtv.com\/index.php?rest_route=%2Fwp%2Fv2%2Fcomments&post=22547"}],"version-history":[{"count":1,"href":"https:\/\/www.egemtv.com\/index.php?rest_route=\/wp\/v2\/posts\/22547\/revisions"}],"predecessor-version":[{"id":22549,"href":"https:\/\/www.egemtv.com\/index.php?rest_route=\/wp\/v2\/posts\/22547\/revisions\/22549"}],"wp:featuredmedia":[{"embeddable":true,"href":"https:\/\/www.egemtv.com\/index.php?rest_route=\/wp\/v2\/media\/22548"}],"wp:attachment":[{"href":"https:\/\/www.egemtv.com\/index.php?rest_route=%2Fwp%2Fv2%2Fmedia&parent=22547"}],"wp:term":[{"taxonomy":"category","embeddable":true,"href":"https:\/\/www.egemtv.com\/index.php?rest_route=%2Fwp%2Fv2%2Fcategories&post=22547"},{"taxonomy":"post_tag","embeddable":true,"href":"https:\/\/www.egemtv.com\/index.php?rest_route=%2Fwp%2Fv2%2Ftags&post=22547"}],"curies":[{"name":"wp","href":"https:\/\/api.w.org\/{rel}","templated":true}]}}