{"id":22544,"date":"2025-02-26T15:07:18","date_gmt":"2025-02-26T12:07:18","guid":{"rendered":"https:\/\/www.egemtv.com\/?p=22544"},"modified":"2025-02-26T15:07:23","modified_gmt":"2025-02-26T12:07:23","slug":"izmir-vakiflar-mudurlugu-manisada-iftar-sorasi-kuruyor","status":"publish","type":"post","link":"https:\/\/www.egemtv.com\/?p=22544","title":{"rendered":"\u0130zmir Vak\u0131flar M\u00fcd\u00fcrl\u00fc\u011f\u00fc Manisa\u2019da iftar soras\u0131 kuruyor"},"content":{"rendered":"<p>Vak\u0131flar Genel M\u00fcd\u00fcrl\u00fc\u011f\u00fc, bu Ramazan ay\u0131nda da geleneksel iftar sofralar\u0131n\u0131 kuruyor. Bu kapsamda \u0130zmir Vak\u0131flar B\u00f6lge M\u00fcd\u00fcrl\u00fc\u011f\u00fc Manisa\u2019daki iftar sofras\u0131n\u0131 \u015eehzadeler Namazgah Vak\u0131f \u0130\u015f Han\u0131\u2019nda kuracak.<br \/>\n<br \/>T\u00fcrkiye\u2019nin 25 farkl\u0131 b\u00f6lgesinde faaliyet g\u00f6steren Vak\u0131flar B\u00f6lge M\u00fcd\u00fcrl\u00fckleri, m\u00fcbarek Ramazan ay\u0131 boyunca bir\u00e7ok noktada vatanda\u015flara \u00fccretsiz iftar yeme\u011fi sunacak. \u0130zmir Vak\u0131flar B\u00f6lge M\u00fcd\u00fcrl\u00fc\u011f\u00fc taraf\u0131ndan ge\u00e7en y\u0131l Ramazan ay\u0131nda oldu\u011fu gibi bu y\u0131l Ramazan ay\u0131nda da \u015eehzadeler Namazgah Vak\u0131f \u0130\u015f Han\u0131\u2019nda her g\u00fcn 300 ki\u015filik iftar sofras\u0131 kurulacak. Ayr\u0131ca \u0130zmir Vak\u0131flar B\u00f6lge M\u00fcd\u00fcrl\u00fc\u011f\u00fcnce \u0130zmir Gaziemir Bizim Bah\u00e7e K\u0131r D\u00fc\u011f\u00fcn Salonu, \u0130zmir \u015eehir Hastanesi Acil Servis \u00d6n\u00fc ve \u0130zmir Konak Hisar Camiinde de iftar sofralar\u0131 kurulacak.<br \/><\/p>\n","protected":false},"excerpt":{"rendered":"<p>Vak\u0131flar Genel M\u00fcd\u00fcrl\u00fc\u011f\u00fc, bu Ramazan ay\u0131nda da geleneksel iftar sofralar\u0131n\u0131 kuruyor. Bu kapsamda \u0130zmir Vak\u0131flar B\u00f6lge M\u00fcd\u00fcrl\u00fc\u011f\u00fc Manisa\u2019daki iftar sofras\u0131n\u0131 \u015eehzadeler Namazgah Vak\u0131f \u0130\u015f Han\u0131\u2019nda kuracak. T\u00fcrkiye\u2019nin 25 farkl\u0131 b\u00f6lgesinde faaliyet g\u00f6steren Vak\u0131flar B\u00f6lge M\u00fcd\u00fcrl\u00fckleri, m\u00fcbarek Ramazan ay\u0131 boyunca bir\u00e7ok noktada vatanda\u015flara \u00fccretsiz iftar yeme\u011fi sunacak. \u0130zmir Vak\u0131flar B\u00f6lge M\u00fcd\u00fcrl\u00fc\u011f\u00fc taraf\u0131ndan ge\u00e7en y\u0131l Ramazan ay\u0131nda&#8230;<\/p>\n","protected":false},"author":1,"featured_media":22545,"comment_status":"open","ping_status":"open","sticky":false,"template":"","format":"standard","meta":{"_crdt_document":"","footnotes":""},"categories":[123],"tags":[],"class_list":["post-22544","post","type-post","status-publish","format-standard","has-post-thumbnail","hentry","category-gundem"],"_links":{"self":[{"href":"https:\/\/www.egemtv.com\/index.php?rest_route=\/wp\/v2\/posts\/22544","targetHints":{"allow":["GET"]}}],"collection":[{"href":"https:\/\/www.egemtv.com\/index.php?rest_route=\/wp\/v2\/posts"}],"about":[{"href":"https:\/\/www.egemtv.com\/index.php?rest_route=\/wp\/v2\/types\/post"}],"author":[{"embeddable":true,"href":"https:\/\/www.egemtv.com\/index.php?rest_route=\/wp\/v2\/users\/1"}],"replies":[{"embeddable":true,"href":"https:\/\/www.egemtv.com\/index.php?rest_route=%2Fwp%2Fv2%2Fcomments&post=22544"}],"version-history":[{"count":1,"href":"https:\/\/www.egemtv.com\/index.php?rest_route=\/wp\/v2\/posts\/22544\/revisions"}],"predecessor-version":[{"id":22546,"href":"https:\/\/www.egemtv.com\/index.php?rest_route=\/wp\/v2\/posts\/22544\/revisions\/22546"}],"wp:featuredmedia":[{"embeddable":true,"href":"https:\/\/www.egemtv.com\/index.php?rest_route=\/wp\/v2\/media\/22545"}],"wp:attachment":[{"href":"https:\/\/www.egemtv.com\/index.php?rest_route=%2Fwp%2Fv2%2Fmedia&parent=22544"}],"wp:term":[{"taxonomy":"category","embeddable":true,"href":"https:\/\/www.egemtv.com\/index.php?rest_route=%2Fwp%2Fv2%2Fcategories&post=22544"},{"taxonomy":"post_tag","embeddable":true,"href":"https:\/\/www.egemtv.com\/index.php?rest_route=%2Fwp%2Fv2%2Ftags&post=22544"}],"curies":[{"name":"wp","href":"https:\/\/api.w.org\/{rel}","templated":true}]}}