{"id":22541,"date":"2025-02-26T15:07:14","date_gmt":"2025-02-26T12:07:14","guid":{"rendered":"https:\/\/www.egemtv.com\/?p=22541"},"modified":"2025-02-26T15:07:18","modified_gmt":"2025-02-26T12:07:18","slug":"baybaturdan-yunusemreye-saglik-yatirimi-mujdesi","status":"publish","type":"post","link":"https:\/\/www.egemtv.com\/?p=22541","title":{"rendered":"Baybatur\u2019dan Yunusemre\u2019ye sa\u011fl\u0131k yat\u0131r\u0131m\u0131 m\u00fcjdesi"},"content":{"rendered":"<p>AK Parti Manisa Milletvekili Murat Baybatur, Manisa\u2019n\u0131n merkezdeki iki il\u00e7esinden biri olan Yunusemre\u2019ye Sa\u011fl\u0131kl\u0131 Hayat Merkezi ve \u0130l\u00e7e Sa\u011fl\u0131k M\u00fcd\u00fcrl\u00fc\u011f\u00fc binas\u0131 yap\u0131laca\u011f\u0131 m\u00fcjdesini verdi.<br \/>\n<br \/>Sa\u011fl\u0131kl\u0131 Hayat Merkezi ve \u0130l\u00e7e Sa\u011fl\u0131k M\u00fcd\u00fcrl\u00fc\u011f\u00fc binas\u0131n\u0131n 26 Mart\u2018ta ihaleye \u00e7\u0131kaca\u011f\u0131n\u0131 ve 13 ayda in\u015faat\u0131n\u0131n tamamlanarak vatanda\u015flara hizmet vermeye ba\u015flayaca\u011f\u0131n\u0131 bildiren Baybatur, Akmescit Mahallesine yap\u0131lacak olan merkezin toplam 28 bin 813 metrekare ve 4 kattan olu\u015faca\u011f\u0131n\u0131 s\u00f6yledi.<br \/>\n<br \/>Vatanda\u015f\u0131n her sorununu \u00e7\u00f6zmek i\u00e7in gece g\u00fcnd\u00fcz demeden \u00e7al\u0131\u015fmaya devam ettiklerini belirten Baybatur, &#8220;AK Parti olarak Manisa\u2019ya her alanda yat\u0131r\u0131mlar\u0131m yapmaya, vatanda\u015flar\u0131m\u0131z\u0131n her sorunu \u00e7\u00f6zmek i\u00e7in gece g\u00fcnd\u00fcz demeden \u00e7al\u0131\u015f\u0131yoruz. Sa\u011fl\u0131k Bakanl\u0131\u011f\u0131m\u0131z taraf\u0131ndan, Yunusemre il\u00e7emize Sa\u011fl\u0131kl\u0131 Hayat Merkezi ve \u0130l\u00e7e Sa\u011fl\u0131k M\u00fcd\u00fcrl\u00fc\u011f\u00fc binas\u0131n\u0131n yap\u0131m ihalesi i\u00e7in s\u00fcre\u00e7 ba\u015flad\u0131. 23 Mart\u2019ta yap\u0131lacak ihale ve yer tesliminin ard\u0131ndan 13 ayda binam\u0131z vatanda\u015flar\u0131m\u0131za hizmet vermeye ba\u015flayacak. Sa\u011fl\u0131kl\u0131 Hayat Merkezimiz hizmet vermeye ba\u015flad\u0131\u011f\u0131nda 270 bin vatanda\u015f\u0131m\u0131za hizmet verecek. AK Parti olarak Manisal\u0131 vatanda\u015flar\u0131m\u0131z i\u00e7in aral\u0131ks\u0131z olarak \u00e7al\u0131\u015fmalar\u0131m\u0131z\u0131 s\u00fcrd\u00fcr\u00fcyoruz.&#8221; dedi.<br \/><\/p>\n","protected":false},"excerpt":{"rendered":"<p>AK Parti Manisa Milletvekili Murat Baybatur, Manisa\u2019n\u0131n merkezdeki iki il\u00e7esinden biri olan Yunusemre\u2019ye Sa\u011fl\u0131kl\u0131 Hayat Merkezi ve \u0130l\u00e7e Sa\u011fl\u0131k M\u00fcd\u00fcrl\u00fc\u011f\u00fc binas\u0131 yap\u0131laca\u011f\u0131 m\u00fcjdesini verdi. Sa\u011fl\u0131kl\u0131 Hayat Merkezi ve \u0130l\u00e7e Sa\u011fl\u0131k M\u00fcd\u00fcrl\u00fc\u011f\u00fc binas\u0131n\u0131n 26 Mart\u2018ta ihaleye \u00e7\u0131kaca\u011f\u0131n\u0131 ve 13 ayda in\u015faat\u0131n\u0131n tamamlanarak vatanda\u015flara hizmet vermeye ba\u015flayaca\u011f\u0131n\u0131 bildiren Baybatur, Akmescit Mahallesine yap\u0131lacak olan merkezin toplam 28 bin&#8230;<\/p>\n","protected":false},"author":1,"featured_media":22542,"comment_status":"open","ping_status":"open","sticky":false,"template":"","format":"standard","meta":{"_crdt_document":"","footnotes":""},"categories":[2],"tags":[],"class_list":["post-22541","post","type-post","status-publish","format-standard","has-post-thumbnail","hentry","category-saglik"],"_links":{"self":[{"href":"https:\/\/www.egemtv.com\/index.php?rest_route=\/wp\/v2\/posts\/22541","targetHints":{"allow":["GET"]}}],"collection":[{"href":"https:\/\/www.egemtv.com\/index.php?rest_route=\/wp\/v2\/posts"}],"about":[{"href":"https:\/\/www.egemtv.com\/index.php?rest_route=\/wp\/v2\/types\/post"}],"author":[{"embeddable":true,"href":"https:\/\/www.egemtv.com\/index.php?rest_route=\/wp\/v2\/users\/1"}],"replies":[{"embeddable":true,"href":"https:\/\/www.egemtv.com\/index.php?rest_route=%2Fwp%2Fv2%2Fcomments&post=22541"}],"version-history":[{"count":1,"href":"https:\/\/www.egemtv.com\/index.php?rest_route=\/wp\/v2\/posts\/22541\/revisions"}],"predecessor-version":[{"id":22543,"href":"https:\/\/www.egemtv.com\/index.php?rest_route=\/wp\/v2\/posts\/22541\/revisions\/22543"}],"wp:featuredmedia":[{"embeddable":true,"href":"https:\/\/www.egemtv.com\/index.php?rest_route=\/wp\/v2\/media\/22542"}],"wp:attachment":[{"href":"https:\/\/www.egemtv.com\/index.php?rest_route=%2Fwp%2Fv2%2Fmedia&parent=22541"}],"wp:term":[{"taxonomy":"category","embeddable":true,"href":"https:\/\/www.egemtv.com\/index.php?rest_route=%2Fwp%2Fv2%2Fcategories&post=22541"},{"taxonomy":"post_tag","embeddable":true,"href":"https:\/\/www.egemtv.com\/index.php?rest_route=%2Fwp%2Fv2%2Ftags&post=22541"}],"curies":[{"name":"wp","href":"https:\/\/api.w.org\/{rel}","templated":true}]}}