{"id":22538,"date":"2025-02-26T14:46:44","date_gmt":"2025-02-26T11:46:44","guid":{"rendered":"https:\/\/www.egemtv.com\/?p=22538"},"modified":"2025-02-26T14:46:50","modified_gmt":"2025-02-26T11:46:50","slug":"sultanhisarda-sehit-ailesi-unutulmadi","status":"publish","type":"post","link":"https:\/\/www.egemtv.com\/?p=22538","title":{"rendered":"Sultanhisar\u2019da \u015fehit ailesi unutulmad\u0131"},"content":{"rendered":"<p>Ayd\u0131n\u2019\u0131n Sultanhisar il\u00e7esinde ya\u015fayan \u015eehit Jandarma Er Ayhan Ye\u015filyol\u2019un babas\u0131n\u0131 unutmayan \u0130l\u00e7e Kaymakaml\u0131\u011f\u0131, jandarma ekipleriyle \u015fehit babas\u0131n\u0131 ziyaret etti.<\/p>\n<p>Sultanhisar Kaymakaml\u0131\u011f\u0131, 2008 y\u0131l\u0131nda Mardin\u2019in Derik il\u00e7esi k\u0131rsal\u0131nda PKK ter\u00f6r \u00f6rg\u00fct\u00fc ile \u00e7\u0131kan \u00e7at\u0131\u015fmada \u015fehit d\u00fc\u015fen Jandarma Er Ayhan Ye\u015filyol\u2019u unutmad\u0131. Kaymakam Ali Ekber Ate\u015f\u2019in talimat\u0131yla \u0130l\u00e7e Jandarma Komutanl\u0131\u011f\u0131, Kavakl\u0131 Mahallesi\u2019nde ya\u015fayan \u015fehit ailesini ziyaret etti. Konu ile ilgili Sultanhisar Kaymakaml\u0131\u011f\u0131\u2019ndan yap\u0131lan a\u00e7\u0131klamada &#8220;Kaymakam\u0131m\u0131z Ali Ekber Ate\u015f\u2019in talimatlar\u0131 do\u011frultusunda \u0130l\u00e7e Jandarma Komutanl\u0131\u011f\u0131 ekiplerimizce Kavakl\u0131 Mahallesi\u2019nde ya\u015fayan \u015eehit J. Er Ayhan Ye\u015filyol\u2019un bizlere emaneti olan k\u0131ymetli babas\u0131 Mahsun Ye\u015filyol\u2019u ziyaret etti. Vatan\u0131m\u0131z i\u00e7in canlar\u0131n\u0131 feda eden t\u00fcm \u015fehitlerimizi sayg\u0131yla yad ediyoruz&#8221; ifadeleri yer ald\u0131.<br \/><\/p>\n","protected":false},"excerpt":{"rendered":"<p>Ayd\u0131n\u2019\u0131n Sultanhisar il\u00e7esinde ya\u015fayan \u015eehit Jandarma Er Ayhan Ye\u015filyol\u2019un babas\u0131n\u0131 unutmayan \u0130l\u00e7e Kaymakaml\u0131\u011f\u0131, jandarma ekipleriyle \u015fehit babas\u0131n\u0131 ziyaret etti. Sultanhisar Kaymakaml\u0131\u011f\u0131, 2008 y\u0131l\u0131nda Mardin\u2019in Derik il\u00e7esi k\u0131rsal\u0131nda PKK ter\u00f6r \u00f6rg\u00fct\u00fc ile \u00e7\u0131kan \u00e7at\u0131\u015fmada \u015fehit d\u00fc\u015fen Jandarma Er Ayhan Ye\u015filyol\u2019u unutmad\u0131. Kaymakam Ali Ekber Ate\u015f\u2019in talimat\u0131yla \u0130l\u00e7e Jandarma Komutanl\u0131\u011f\u0131, Kavakl\u0131 Mahallesi\u2019nde ya\u015fayan \u015fehit ailesini ziyaret etti&#8230;.<\/p>\n","protected":false},"author":1,"featured_media":22539,"comment_status":"open","ping_status":"open","sticky":false,"template":"","format":"standard","meta":{"_crdt_document":"","footnotes":""},"categories":[1],"tags":[],"class_list":["post-22538","post","type-post","status-publish","format-standard","has-post-thumbnail","hentry","category-guncel"],"_links":{"self":[{"href":"https:\/\/www.egemtv.com\/index.php?rest_route=\/wp\/v2\/posts\/22538","targetHints":{"allow":["GET"]}}],"collection":[{"href":"https:\/\/www.egemtv.com\/index.php?rest_route=\/wp\/v2\/posts"}],"about":[{"href":"https:\/\/www.egemtv.com\/index.php?rest_route=\/wp\/v2\/types\/post"}],"author":[{"embeddable":true,"href":"https:\/\/www.egemtv.com\/index.php?rest_route=\/wp\/v2\/users\/1"}],"replies":[{"embeddable":true,"href":"https:\/\/www.egemtv.com\/index.php?rest_route=%2Fwp%2Fv2%2Fcomments&post=22538"}],"version-history":[{"count":1,"href":"https:\/\/www.egemtv.com\/index.php?rest_route=\/wp\/v2\/posts\/22538\/revisions"}],"predecessor-version":[{"id":22540,"href":"https:\/\/www.egemtv.com\/index.php?rest_route=\/wp\/v2\/posts\/22538\/revisions\/22540"}],"wp:featuredmedia":[{"embeddable":true,"href":"https:\/\/www.egemtv.com\/index.php?rest_route=\/wp\/v2\/media\/22539"}],"wp:attachment":[{"href":"https:\/\/www.egemtv.com\/index.php?rest_route=%2Fwp%2Fv2%2Fmedia&parent=22538"}],"wp:term":[{"taxonomy":"category","embeddable":true,"href":"https:\/\/www.egemtv.com\/index.php?rest_route=%2Fwp%2Fv2%2Fcategories&post=22538"},{"taxonomy":"post_tag","embeddable":true,"href":"https:\/\/www.egemtv.com\/index.php?rest_route=%2Fwp%2Fv2%2Ftags&post=22538"}],"curies":[{"name":"wp","href":"https:\/\/api.w.org\/{rel}","templated":true}]}}