{"id":22317,"date":"2025-02-25T13:46:14","date_gmt":"2025-02-25T10:46:14","guid":{"rendered":"https:\/\/www.egemtv.com\/?p=22317"},"modified":"2025-02-25T13:46:17","modified_gmt":"2025-02-25T10:46:17","slug":"okullar-arasi-taekwondo-aydin-il-sampiyonasi-yapildi","status":"publish","type":"post","link":"https:\/\/www.egemtv.com\/?p=22317","title":{"rendered":"Okullar Aras\u0131 Taekwondo Ayd\u0131n \u0130l \u015eampiyonas\u0131 yap\u0131ld\u0131"},"content":{"rendered":"<p>Taekwondo T\u00fcrkiye \u015eampiyonas\u0131\u2019na kadar uzanan se\u00e7melerin ilki olan Okullar Aras\u0131 Y\u0131ld\u0131zlar ve Gen\u00e7ler Taekwondo \u0130l \u015eampiyonas\u0131\u2019n\u0131n Ayd\u0131n aya\u011f\u0131 Efeler SKS Spor Salonu\u2019nda yap\u0131ld\u0131.<\/p>\n<p>12-17 ya\u015f aras\u0131 40 ayr\u0131 kilo kategorisinde yar\u0131\u015fan ve toplamda 200 sporcunun kat\u0131ld\u0131\u011f\u0131 se\u00e7melerde k\u0131ran k\u0131rana ge\u00e7en m\u00fccadeleler renkli g\u00f6r\u00fcnt\u00fclere sahne oldu. Antren\u00f6rlerin ve ailelerin yaln\u0131z b\u0131rakmad\u0131klar\u0131 sporcular, kendi kategorilerinde birinci olabilmek i\u00e7in ter d\u00f6kt\u00fc. Y\u0131ld\u0131zlar kategorisinde birinci olan sporcular 11-13 Nisan tarihlerinde K\u00fctahya\u2019da d\u00fczenlenecek olan Okullar Aras\u0131 Y\u0131ld\u0131zlar Grup m\u00fcsabakalar\u0131na kat\u0131l\u0131rken, Gen\u00e7ler kategorisinde birinci olan sporcularda 1-3 Mart tarihlerinde Afyon\u2019da d\u00fczenlenecek Okullar\u0131 Aras\u0131 Gen\u00e7ler Grup M\u00fcsabakalar\u0131na kat\u0131lacak.<\/p>\n<p>Taekwondo Ayd\u0131n \u0130l Temsilcisi Bahad\u0131r Yorganc\u0131, &#8220;Ayd\u0131n\u2019\u0131 gururland\u0131rmay\u0131 heyecanla bekledi\u011fimiz se\u00e7melerimizin ilki olan Okullar Aras\u0131 Y\u0131ld\u0131zlar ve Gen\u00e7ler Ayd\u0131n \u0130l \u015eampiyonam\u0131z\u0131 ba\u015far\u0131 ile tamamlad\u0131k. Afyon ve K\u00fctahya da d\u00fczenlenecek grup m\u00fcsabakalar\u0131nda dereceye giren sporcular\u0131m\u0131z Okullar Aras\u0131 T\u00fcrkiye \u015eampiyonas\u0131nda Ayd\u0131n\u0131m\u0131z\u0131 temsil edecekler. Antren\u00f6rlerimizin deste\u011fi ve sporcular\u0131m\u0131z\u0131n \u00e7abas\u0131 sayesinde Yeni T\u00fcrkiye \u015fampiyonlar\u0131 \u00e7\u0131karaca\u011f\u0131m\u0131za olan inanc\u0131m\u0131z tamd\u0131r&#8221; diyerek destek veren herkese te\u015fekk\u00fcr etti.<br \/><\/p>\n","protected":false},"excerpt":{"rendered":"<p>Taekwondo T\u00fcrkiye \u015eampiyonas\u0131\u2019na kadar uzanan se\u00e7melerin ilki olan Okullar Aras\u0131 Y\u0131ld\u0131zlar ve Gen\u00e7ler Taekwondo \u0130l \u015eampiyonas\u0131\u2019n\u0131n Ayd\u0131n aya\u011f\u0131 Efeler SKS Spor Salonu\u2019nda yap\u0131ld\u0131. 12-17 ya\u015f aras\u0131 40 ayr\u0131 kilo kategorisinde yar\u0131\u015fan ve toplamda 200 sporcunun kat\u0131ld\u0131\u011f\u0131 se\u00e7melerde k\u0131ran k\u0131rana ge\u00e7en m\u00fccadeleler renkli g\u00f6r\u00fcnt\u00fclere sahne oldu. Antren\u00f6rlerin ve ailelerin yaln\u0131z b\u0131rakmad\u0131klar\u0131 sporcular, kendi kategorilerinde birinci olabilmek&#8230;<\/p>\n","protected":false},"author":1,"featured_media":22318,"comment_status":"open","ping_status":"open","sticky":false,"template":"","format":"standard","meta":{"_crdt_document":"","footnotes":""},"categories":[4],"tags":[],"class_list":["post-22317","post","type-post","status-publish","format-standard","has-post-thumbnail","hentry","category-spor"],"_links":{"self":[{"href":"https:\/\/www.egemtv.com\/index.php?rest_route=\/wp\/v2\/posts\/22317","targetHints":{"allow":["GET"]}}],"collection":[{"href":"https:\/\/www.egemtv.com\/index.php?rest_route=\/wp\/v2\/posts"}],"about":[{"href":"https:\/\/www.egemtv.com\/index.php?rest_route=\/wp\/v2\/types\/post"}],"author":[{"embeddable":true,"href":"https:\/\/www.egemtv.com\/index.php?rest_route=\/wp\/v2\/users\/1"}],"replies":[{"embeddable":true,"href":"https:\/\/www.egemtv.com\/index.php?rest_route=%2Fwp%2Fv2%2Fcomments&post=22317"}],"version-history":[{"count":1,"href":"https:\/\/www.egemtv.com\/index.php?rest_route=\/wp\/v2\/posts\/22317\/revisions"}],"predecessor-version":[{"id":22319,"href":"https:\/\/www.egemtv.com\/index.php?rest_route=\/wp\/v2\/posts\/22317\/revisions\/22319"}],"wp:featuredmedia":[{"embeddable":true,"href":"https:\/\/www.egemtv.com\/index.php?rest_route=\/wp\/v2\/media\/22318"}],"wp:attachment":[{"href":"https:\/\/www.egemtv.com\/index.php?rest_route=%2Fwp%2Fv2%2Fmedia&parent=22317"}],"wp:term":[{"taxonomy":"category","embeddable":true,"href":"https:\/\/www.egemtv.com\/index.php?rest_route=%2Fwp%2Fv2%2Fcategories&post=22317"},{"taxonomy":"post_tag","embeddable":true,"href":"https:\/\/www.egemtv.com\/index.php?rest_route=%2Fwp%2Fv2%2Ftags&post=22317"}],"curies":[{"name":"wp","href":"https:\/\/api.w.org\/{rel}","templated":true}]}}