{"id":22314,"date":"2025-02-25T13:46:10","date_gmt":"2025-02-25T10:46:10","guid":{"rendered":"https:\/\/www.egemtv.com\/?p=22314"},"modified":"2025-02-25T13:46:13","modified_gmt":"2025-02-25T10:46:13","slug":"sehzadeler-belediyesinden-trafik-guvenligi-icin-budama-calismasi","status":"publish","type":"post","link":"https:\/\/www.egemtv.com\/?p=22314","title":{"rendered":"\u015eehzadeler Belediyesi\u2019nden trafik g\u00fcvenli\u011fi i\u00e7in budama \u00e7al\u0131\u015fmas\u0131"},"content":{"rendered":"<p>\u015eehzadeler Belediyesi, \u015eehitler Mahallesi\u2019nde trafik g\u00fcvenli\u011fini tehlikeye atan a\u011fa\u00e7lar i\u00e7in budama \u00e7al\u0131\u015fmas\u0131 ger\u00e7ekle\u015ftirdi. Park ve Bah\u00e7eler M\u00fcd\u00fcrl\u00fc\u011f\u00fc ekipleri taraf\u0131ndan yap\u0131lan \u00e7al\u0131\u015fma, s\u00fcr\u00fcc\u00fcler ve yayalar i\u00e7in daha g\u00fcvenli bir ula\u015f\u0131m sa\u011flanmas\u0131n\u0131 hedefliyor.<br \/>\n<br \/>\u015eehzadeler Belediyesi, halk\u0131n g\u00fcvenli\u011fi i\u00e7in kent genelinde bak\u0131m ve d\u00fczenleme \u00e7al\u0131\u015fmalar\u0131na devam ediyor. Bu kapsamda, \u015eehitler Mahallesi Ruh ve Sinir Hastal\u0131klar\u0131 Hastanesi\u2019nin bulundu\u011fu 814 Sokak\u2019ta, trafik ak\u0131\u015f\u0131n\u0131 olumsuz etkileyen ve g\u00f6r\u00fc\u015f a\u00e7\u0131s\u0131n\u0131 daraltan a\u011fa\u00e7lar budand\u0131.<br \/>\n<br \/>\u015eehzadeler Belediyesi Park ve Bah\u00e7eler M\u00fcd\u00fcrl\u00fc\u011f\u00fc ekipleri taraf\u0131ndan y\u00fcr\u00fct\u00fclen budama \u00e7al\u0131\u015fmas\u0131, s\u00fcr\u00fcc\u00fclerin ve yayalar\u0131n g\u00fcvenli\u011fini sa\u011flamak amac\u0131yla ger\u00e7ekle\u015ftirildi. Yap\u0131lan incelemelerde, sokaktaki baz\u0131 a\u011fa\u00e7 dallar\u0131n\u0131n yol ve kald\u0131r\u0131mlar\u0131 kapatt\u0131\u011f\u0131, g\u00f6r\u00fc\u015f mesafesini azaltt\u0131\u011f\u0131 tespit edildi. Bunun \u00fczerine harekete ge\u00e7en ekipler, gerekli budama i\u015flemlerini titizlikle tamamlad\u0131. Belediye yetkilileri, \u00e7al\u0131\u015fmalar\u0131n vatanda\u015flardan gelen talepler do\u011frultusunda s\u00fcrd\u00fc\u011f\u00fcn\u00fc belirterek, trafik ve yaya g\u00fcvenli\u011fini \u00f6n planda tuttuklar\u0131n\u0131 ifade etti. Mahalle sakinleri ise yap\u0131lan \u00e7al\u0131\u015fmadan duyduklar\u0131 memnuniyeti dile getirerek, \u015eehzadeler Belediyesi\u2019ne te\u015fekk\u00fcr etti.<br \/><\/p>\n","protected":false},"excerpt":{"rendered":"<p>\u015eehzadeler Belediyesi, \u015eehitler Mahallesi\u2019nde trafik g\u00fcvenli\u011fini tehlikeye atan a\u011fa\u00e7lar i\u00e7in budama \u00e7al\u0131\u015fmas\u0131 ger\u00e7ekle\u015ftirdi. Park ve Bah\u00e7eler M\u00fcd\u00fcrl\u00fc\u011f\u00fc ekipleri taraf\u0131ndan yap\u0131lan \u00e7al\u0131\u015fma, s\u00fcr\u00fcc\u00fcler ve yayalar i\u00e7in daha g\u00fcvenli bir ula\u015f\u0131m sa\u011flanmas\u0131n\u0131 hedefliyor. \u015eehzadeler Belediyesi, halk\u0131n g\u00fcvenli\u011fi i\u00e7in kent genelinde bak\u0131m ve d\u00fczenleme \u00e7al\u0131\u015fmalar\u0131na devam ediyor. Bu kapsamda, \u015eehitler Mahallesi Ruh ve Sinir Hastal\u0131klar\u0131 Hastanesi\u2019nin bulundu\u011fu 814&#8230;<\/p>\n","protected":false},"author":1,"featured_media":22315,"comment_status":"open","ping_status":"open","sticky":false,"template":"","format":"standard","meta":{"_crdt_document":"","footnotes":""},"categories":[1],"tags":[],"class_list":["post-22314","post","type-post","status-publish","format-standard","has-post-thumbnail","hentry","category-guncel"],"_links":{"self":[{"href":"https:\/\/www.egemtv.com\/index.php?rest_route=\/wp\/v2\/posts\/22314","targetHints":{"allow":["GET"]}}],"collection":[{"href":"https:\/\/www.egemtv.com\/index.php?rest_route=\/wp\/v2\/posts"}],"about":[{"href":"https:\/\/www.egemtv.com\/index.php?rest_route=\/wp\/v2\/types\/post"}],"author":[{"embeddable":true,"href":"https:\/\/www.egemtv.com\/index.php?rest_route=\/wp\/v2\/users\/1"}],"replies":[{"embeddable":true,"href":"https:\/\/www.egemtv.com\/index.php?rest_route=%2Fwp%2Fv2%2Fcomments&post=22314"}],"version-history":[{"count":1,"href":"https:\/\/www.egemtv.com\/index.php?rest_route=\/wp\/v2\/posts\/22314\/revisions"}],"predecessor-version":[{"id":22316,"href":"https:\/\/www.egemtv.com\/index.php?rest_route=\/wp\/v2\/posts\/22314\/revisions\/22316"}],"wp:featuredmedia":[{"embeddable":true,"href":"https:\/\/www.egemtv.com\/index.php?rest_route=\/wp\/v2\/media\/22315"}],"wp:attachment":[{"href":"https:\/\/www.egemtv.com\/index.php?rest_route=%2Fwp%2Fv2%2Fmedia&parent=22314"}],"wp:term":[{"taxonomy":"category","embeddable":true,"href":"https:\/\/www.egemtv.com\/index.php?rest_route=%2Fwp%2Fv2%2Fcategories&post=22314"},{"taxonomy":"post_tag","embeddable":true,"href":"https:\/\/www.egemtv.com\/index.php?rest_route=%2Fwp%2Fv2%2Ftags&post=22314"}],"curies":[{"name":"wp","href":"https:\/\/api.w.org\/{rel}","templated":true}]}}