{"id":22311,"date":"2025-02-25T13:46:06","date_gmt":"2025-02-25T10:46:06","guid":{"rendered":"https:\/\/www.egemtv.com\/?p=22311"},"modified":"2025-02-25T13:46:09","modified_gmt":"2025-02-25T10:46:09","slug":"tavsanlida-otomobil-ile-kamyonet-carpisti-4-yarali","status":"publish","type":"post","link":"https:\/\/www.egemtv.com\/?p=22311","title":{"rendered":"Tav\u015fanl\u0131\u2019da otomobil ile kamyonet \u00e7arp\u0131\u015ft\u0131, 4 yaral\u0131"},"content":{"rendered":"<p>K\u00fctahya\u2019n\u0131n Tav\u015fanl\u0131 il\u00e7esinde, otomobil ile Orman \u0130\u015fletme M\u00fcd\u00fcrl\u00fc\u011f\u00fc\u2019ne ait kamyonetin \u00e7arp\u0131\u015fmas\u0131 sonucu meydana gelen trafik kazas\u0131nda 4 ki\u015fi yaraland\u0131.<br \/>\n<br \/>Edinilen bilgilere g\u00f6re \u00e7evreyolu Bal\u0131kesir \u0131\u015f\u0131kl\u0131 kav\u015fa\u011f\u0131nda M.A. idaresindeki  64 AD 323 plakal\u0131 otomobil, Emet istikametinden \u00e7evreyoluna d\u00f6nd\u00fc\u011f\u00fc esnada kav\u015faktan Tav\u015fanl\u0131 istikametine d\u00f6nmekte olan E.A idaresindeki 43 ABT 447 plakal\u0131 Orman \u0130\u015fletme M\u00fcd\u00fcrl\u00fc\u011f\u00fc\u2019ne ait kamyonet \u00e7arp\u0131\u015ft\u0131. Kaza ihbar\u0131 \u00fczerine olay yerine sa\u011fl\u0131k, itfaiye ve polis ekipleri sevk edildi. Meydana gelen kazada her iki arac\u0131n s\u00fcr\u00fcc\u00fcs\u00fc ile otomobilde yolcu olarak bulunan H.E. ve E.E. yaraland\u0131. Yaral\u0131lar itfaiye ekiplerinin \u00e7al\u0131\u015fmas\u0131 sonucu s\u0131k\u0131\u015ft\u0131klar\u0131 ara\u00e7lardan \u00e7\u0131kar\u0131larak 112 Acil Servis ekiplerinin olay yerindeki ilk m\u00fcdahalesinin ard\u0131ndan Tav\u015fanl\u0131 Do\u00e7. Dr. Mustafa Kalemli Devlet Hastanesi\u2019ne kald\u0131r\u0131ld\u0131.<br \/><\/p>\n","protected":false},"excerpt":{"rendered":"<p>K\u00fctahya\u2019n\u0131n Tav\u015fanl\u0131 il\u00e7esinde, otomobil ile Orman \u0130\u015fletme M\u00fcd\u00fcrl\u00fc\u011f\u00fc\u2019ne ait kamyonetin \u00e7arp\u0131\u015fmas\u0131 sonucu meydana gelen trafik kazas\u0131nda 4 ki\u015fi yaraland\u0131. Edinilen bilgilere g\u00f6re \u00e7evreyolu Bal\u0131kesir \u0131\u015f\u0131kl\u0131 kav\u015fa\u011f\u0131nda M.A. idaresindeki 64 AD 323 plakal\u0131 otomobil, Emet istikametinden \u00e7evreyoluna d\u00f6nd\u00fc\u011f\u00fc esnada kav\u015faktan Tav\u015fanl\u0131 istikametine d\u00f6nmekte olan E.A idaresindeki 43 ABT 447 plakal\u0131 Orman \u0130\u015fletme M\u00fcd\u00fcrl\u00fc\u011f\u00fc\u2019ne ait kamyonet \u00e7arp\u0131\u015ft\u0131&#8230;.<\/p>\n","protected":false},"author":1,"featured_media":22312,"comment_status":"open","ping_status":"open","sticky":false,"template":"","format":"standard","meta":{"_crdt_document":"","footnotes":""},"categories":[5],"tags":[],"class_list":["post-22311","post","type-post","status-publish","format-standard","has-post-thumbnail","hentry","category-asayis"],"_links":{"self":[{"href":"https:\/\/www.egemtv.com\/index.php?rest_route=\/wp\/v2\/posts\/22311","targetHints":{"allow":["GET"]}}],"collection":[{"href":"https:\/\/www.egemtv.com\/index.php?rest_route=\/wp\/v2\/posts"}],"about":[{"href":"https:\/\/www.egemtv.com\/index.php?rest_route=\/wp\/v2\/types\/post"}],"author":[{"embeddable":true,"href":"https:\/\/www.egemtv.com\/index.php?rest_route=\/wp\/v2\/users\/1"}],"replies":[{"embeddable":true,"href":"https:\/\/www.egemtv.com\/index.php?rest_route=%2Fwp%2Fv2%2Fcomments&post=22311"}],"version-history":[{"count":1,"href":"https:\/\/www.egemtv.com\/index.php?rest_route=\/wp\/v2\/posts\/22311\/revisions"}],"predecessor-version":[{"id":22313,"href":"https:\/\/www.egemtv.com\/index.php?rest_route=\/wp\/v2\/posts\/22311\/revisions\/22313"}],"wp:featuredmedia":[{"embeddable":true,"href":"https:\/\/www.egemtv.com\/index.php?rest_route=\/wp\/v2\/media\/22312"}],"wp:attachment":[{"href":"https:\/\/www.egemtv.com\/index.php?rest_route=%2Fwp%2Fv2%2Fmedia&parent=22311"}],"wp:term":[{"taxonomy":"category","embeddable":true,"href":"https:\/\/www.egemtv.com\/index.php?rest_route=%2Fwp%2Fv2%2Fcategories&post=22311"},{"taxonomy":"post_tag","embeddable":true,"href":"https:\/\/www.egemtv.com\/index.php?rest_route=%2Fwp%2Fv2%2Ftags&post=22311"}],"curies":[{"name":"wp","href":"https:\/\/api.w.org\/{rel}","templated":true}]}}