{"id":22308,"date":"2025-02-25T13:46:02","date_gmt":"2025-02-25T10:46:02","guid":{"rendered":"https:\/\/www.egemtv.com\/?p=22308"},"modified":"2025-02-25T13:46:06","modified_gmt":"2025-02-25T10:46:06","slug":"oz-babasini-kiraathane-onunde-oldurdu","status":"publish","type":"post","link":"https:\/\/www.egemtv.com\/?p=22308","title":{"rendered":"\u00d6z babas\u0131n\u0131 k\u0131raathane \u00f6n\u00fcnde \u00f6ld\u00fcrd\u00fc"},"content":{"rendered":"<p>\u0130zmir\u2019in K\u0131n\u0131k il\u00e7esinde bir ki\u015fi tart\u0131\u015ft\u0131\u011f\u0131 \u00f6z babas\u0131n\u0131 k\u0131raathane \u00f6n\u00fcnde tabancayla vurarak \u00f6ld\u00fcrd\u00fc. Olay\u0131n ard\u0131ndan ka\u00e7amaya \u00e7al\u0131\u015fan baba katili, jandarma ekipleri taraf\u0131ndan yakalanarak g\u00f6zalt\u0131na al\u0131nd\u0131.<br \/>\n<br \/>Olay, bug\u00fcn sabah saatlerinde k\u0131rsal Yayakent Mahallesi meydan\u0131nda bulunan k\u0131raathanenin \u00f6n\u00fcnde meydana geldi. Edinilen bilgilere g\u00f6re, 3 ay \u00f6nce annesinin vefat etmesi \u00fczerine psikolojik sorunlar ya\u015fad\u0131\u011f\u0131 \u00f6ne s\u00fcr\u00fclen A.M. (25) ile baba Metin Malgaz (47) aras\u0131nda tart\u0131\u015fma ya\u015fand\u0131. Tart\u0131\u015fman\u0131n b\u00fcy\u00fcmesi \u00fczerine A.M., yan\u0131nda bulunan tabancas\u0131yla babas\u0131 Metin Malgaz\u2019a ate\u015f a\u00e7t\u0131. Malgaz kanlar i\u00e7erisinde yere d\u00fc\u015ferken o\u011flu ise ka\u00e7arak kay\u0131plara kar\u0131\u015ft\u0131. \u00c7evredeki vatanda\u015flar\u0131n ihbar\u0131yla olay yerine jandarma ve sa\u011fl\u0131k ekipleri sevk edildi. Ekiplerin yapt\u0131\u011f\u0131 kontrolde Metin Malgaz\u2019\u0131n hayat\u0131n\u0131 kaybetti\u011fi belirlendi.<br \/>\n<br \/>Olay yerinden ka\u00e7maya \u00e7al\u0131\u015fan A.M., k\u0131sa s\u00fcre i\u00e7erisinde jandarma ekiplerince yakalanarak g\u00f6zalt\u0131na al\u0131nd\u0131. Olayla ilgili ba\u015flat\u0131lan soru\u015fturma s\u00fcr\u00fcyor.<br \/><\/p>\n","protected":false},"excerpt":{"rendered":"<p>\u0130zmir\u2019in K\u0131n\u0131k il\u00e7esinde bir ki\u015fi tart\u0131\u015ft\u0131\u011f\u0131 \u00f6z babas\u0131n\u0131 k\u0131raathane \u00f6n\u00fcnde tabancayla vurarak \u00f6ld\u00fcrd\u00fc. Olay\u0131n ard\u0131ndan ka\u00e7amaya \u00e7al\u0131\u015fan baba katili, jandarma ekipleri taraf\u0131ndan yakalanarak g\u00f6zalt\u0131na al\u0131nd\u0131. Olay, bug\u00fcn sabah saatlerinde k\u0131rsal Yayakent Mahallesi meydan\u0131nda bulunan k\u0131raathanenin \u00f6n\u00fcnde meydana geldi. Edinilen bilgilere g\u00f6re, 3 ay \u00f6nce annesinin vefat etmesi \u00fczerine psikolojik sorunlar ya\u015fad\u0131\u011f\u0131 \u00f6ne s\u00fcr\u00fclen A.M. (25)&#8230;<\/p>\n","protected":false},"author":1,"featured_media":22309,"comment_status":"open","ping_status":"open","sticky":false,"template":"","format":"standard","meta":{"_crdt_document":"","footnotes":""},"categories":[5],"tags":[],"class_list":["post-22308","post","type-post","status-publish","format-standard","has-post-thumbnail","hentry","category-asayis"],"_links":{"self":[{"href":"https:\/\/www.egemtv.com\/index.php?rest_route=\/wp\/v2\/posts\/22308","targetHints":{"allow":["GET"]}}],"collection":[{"href":"https:\/\/www.egemtv.com\/index.php?rest_route=\/wp\/v2\/posts"}],"about":[{"href":"https:\/\/www.egemtv.com\/index.php?rest_route=\/wp\/v2\/types\/post"}],"author":[{"embeddable":true,"href":"https:\/\/www.egemtv.com\/index.php?rest_route=\/wp\/v2\/users\/1"}],"replies":[{"embeddable":true,"href":"https:\/\/www.egemtv.com\/index.php?rest_route=%2Fwp%2Fv2%2Fcomments&post=22308"}],"version-history":[{"count":1,"href":"https:\/\/www.egemtv.com\/index.php?rest_route=\/wp\/v2\/posts\/22308\/revisions"}],"predecessor-version":[{"id":22310,"href":"https:\/\/www.egemtv.com\/index.php?rest_route=\/wp\/v2\/posts\/22308\/revisions\/22310"}],"wp:featuredmedia":[{"embeddable":true,"href":"https:\/\/www.egemtv.com\/index.php?rest_route=\/wp\/v2\/media\/22309"}],"wp:attachment":[{"href":"https:\/\/www.egemtv.com\/index.php?rest_route=%2Fwp%2Fv2%2Fmedia&parent=22308"}],"wp:term":[{"taxonomy":"category","embeddable":true,"href":"https:\/\/www.egemtv.com\/index.php?rest_route=%2Fwp%2Fv2%2Fcategories&post=22308"},{"taxonomy":"post_tag","embeddable":true,"href":"https:\/\/www.egemtv.com\/index.php?rest_route=%2Fwp%2Fv2%2Ftags&post=22308"}],"curies":[{"name":"wp","href":"https:\/\/api.w.org\/{rel}","templated":true}]}}