{"id":22305,"date":"2025-02-25T13:27:35","date_gmt":"2025-02-25T10:27:35","guid":{"rendered":"https:\/\/www.egemtv.com\/?p=22305"},"modified":"2025-02-25T13:27:40","modified_gmt":"2025-02-25T10:27:40","slug":"sampiyon-voleybolcular-kupa-ile-baskan-zeyreki-ziyaret-etti","status":"publish","type":"post","link":"https:\/\/www.egemtv.com\/?p=22305","title":{"rendered":"\u015eampiyon voleybolcular kupa ile Ba\u015fkan Zeyrek\u2019i ziyaret etti"},"content":{"rendered":"<p>Manisa\u2019n\u0131n Sultanlar\u0131 tarih yazd\u0131. Manisa B\u00fcy\u00fck\u015fehir Belediyespor Kul\u00fcb\u00fc Kad\u0131n Voleybol Tak\u0131m\u0131, KFC Kad\u0131nlar 1. Ligi\u2019ne y\u00fckselerek b\u00fcy\u00fck bir ba\u015far\u0131ya imza att\u0131. \u015eampiyon ekip, zaferin ard\u0131ndan kupayla Ba\u015fkan Ferdi Zeyrek\u2019i ziyaret etti.<br \/>\n<br \/>7-8 ay \u00f6nce \u015fampiyonluk s\u00f6z\u00fc verdiklerini hat\u0131rlatan ve her zaman yanlar\u0131nda olaca\u011f\u0131n\u0131 vurgulayan Manisa B\u00fcy\u00fck\u015fehir Belediye Ba\u015fkan\u0131 Ferdi Zeyrek, &#8220;Bug\u00fcn kupayla geldiniz. S\u00f6z\u00fcn\u00fcz\u00fc tuttu\u011funuz i\u00e7in sizlere \u00e7ok te\u015fekk\u00fcr ederim&#8221; dedi.<br \/>\n<br \/>Ba\u015fantren\u00f6r Caner Do\u011fan\u00e7ay, yeni sezonda hedeflere ula\u015fmak i\u00e7in var g\u00fc\u00e7leriyle \u00e7al\u0131\u015facaklar\u0131n\u0131 ifade ederken tak\u0131m kaptan\u0131 G\u00fcls\u00fcm \u015eeyda Alp Ta\u015fl\u0131 ise ba\u015far\u0131n\u0131n Manisa\u2019ya \u00e7ok yak\u0131\u015ft\u0131\u011f\u0131n\u0131 s\u00f6yledi.<br \/>\n<br \/>Voleybol Kad\u0131nlar 2. Ligi\u2019ni ilk s\u0131rada tamamlayarak final m\u00fcsabakalar\u0131n\u0131 oynamaya hak kazanan Manisa B\u00fcy\u00fck\u015fehir Belediyespor Kul\u00fcb\u00fc Voleybol Tak\u0131m\u0131, tarihi bir ba\u015far\u0131ya imza att\u0131. \u00c7eyrek final ve yar\u0131 final gruplar\u0131n\u0131 ilk s\u0131rada tamamlayan voleybolcular, final grubunda ikinci oldu. KFC Kad\u0131nlar 1. Ligi\u2019ne \u00e7\u0131kmaya hak kazanan siyah-beyazl\u0131 ekip, kupayla birlikte Manisa B\u00fcy\u00fck\u015fehir Belediye Ba\u015fkan\u0131 Ferdi Zeyrek\u2019i ziyaret etti. Kul\u00fcp Ba\u015fkan\u0131 Emre Hasg\u00f6r, As Ba\u015fkan Ersin \u00d6zta\u015f, Voleybol \u015eube Ba\u015fkan\u0131 Murat K\u00fcm\u00fc\u015ftekin, Y\u00f6netim Kurulu \u00fcyeleri Nabi Ba\u015fbay, At\u0131n\u00e7 Aksoy ve Alper Ayan, Kul\u00fcp Genel M\u00fcd\u00fcr\u00fc Alparslan Kaya, Ba\u015fantren\u00f6r Caner Do\u011fan\u00e7ay, teknik ekip ile sporcular, Ba\u015fkan Ferdi Zeyrek\u2019e destekleri nedeniyle te\u015fekk\u00fcr etti.<\/p>\n<p>&#8220;S\u00f6z\u00fcn\u00fcz\u00fc tuttu\u011funuz i\u00e7in \u00e7ok te\u015fekk\u00fcr ederim&#8221;<br \/>\n<br \/>Yakla\u015f\u0131k 7-8 ay \u00f6nce yine bir araya geldiklerini hat\u0131rlatan Ba\u015fkan Zeyrek, &#8220;S\u00f6z vermi\u015ftiniz \u2018Kupayla gelece\u011fiz\u2019 diye. Bug\u00fcn kupayla geldiniz. Antren\u00f6r\u00fcm\u00fcz, y\u00f6neticilerimiz ve sizlere ger\u00e7ekten \u00e7ok te\u015fekk\u00fcr ediyorum. Biz de b\u00f6yle bir al\u0131\u015fkanl\u0131k var, s\u00f6z\u00fcn\u00fc tutmak gibi. Ben de g\u00f6reve geldi\u011fimden bu yana ne s\u00f6z verdiysem onlar\u0131 tutmaya \u00e7al\u0131\u015f\u0131yorum, bunun i\u00e7in de \u00e7ok yo\u011fun \u00e7al\u0131\u015f\u0131yorum. Sizlere de s\u00f6z\u00fcn\u00fcz\u00fc tuttu\u011funuz i\u00e7in \u00e7ok te\u015fekk\u00fcr ederim&#8221; dedi.<\/p>\n<p>&#8220;Y\u00fczlerinizdeki aile birli\u011fini g\u00f6r\u00fcyorum&#8221;<br \/>\n<br \/>Kupan\u0131n \u00e7ok anlaml\u0131 oldu\u011funu, herkesin eme\u011fi, gayreti ve \u00e7abas\u0131 oldu\u011funu kaydeden Ferdi Zeyrek, &#8220;Y\u00fczlerinizdeki aile birli\u011fini bug\u00fcn yine g\u00f6r\u00fcyorum. Sizden bir s\u00f6z daha almak istiyorum. Seneye de ayn\u0131 kupadan bekliyoruz. Bunun i\u00e7in ben elimden geleni yapaca\u011f\u0131m. Hem sizlerin ki\u015fisel ve sportif geli\u015fimi hem de \u015fehrimizin bu anlamda temsil edilmesi ve b\u00f6yle kupalarla ta\u00e7land\u0131r\u0131lmas\u0131 bizler i\u00e7in \u00e7ok \u00f6nemli. Alt liglerde sizleri g\u00f6r\u00fcp \u00f6zenip de \u2018Ben de \u00fcst liglerde temsil edebilirim\u2019 diyen bir\u00e7ok karde\u015fimiz var. \u00d6ncelikle onlara bir alan a\u00e7mam\u0131z laz\u0131m. Bu y\u00fczden sizlerin \u00f6n\u00fcm\u00fczdeki y\u0131l 1. Lig\u2019de de direkt olarak kupay\u0131 hedefleyen bir tak\u0131m olaca\u011f\u0131n\u0131zdan hi\u00e7bir \u015f\u00fcphem yok&#8221; ifadelerini kulland\u0131.<\/p>\n<p>&#8220;Devam\u0131n\u0131n gelmesi laz\u0131m&#8221;<br \/>\n<br \/>&#8220;Manisa B\u00fcy\u00fck\u015fehir Belediye Ba\u015fkan\u0131 olarak her zaman sizlerin yan\u0131nda olaca\u011f\u0131m&#8221; diyen Ba\u015fkan Zeyrek, s\u00f6zlerini \u015f\u00f6yle s\u00fcrd\u00fcrd\u00fc: &#8220;Ne g\u00fczel bir aile olu\u015fturdunuz, herkesin y\u00fczleri g\u00fcl\u00fcyor. Bunun devam\u0131n\u0131n gelmesi laz\u0131m. \u0130n\u015fallah ondan sonraki sene de Sultanlar Ligi\u2019nde hep birlikte m\u00fccadele edece\u011fiz. Benim b\u00f6yle bir hedefim ve hayalim var, sizlerin de oldu\u011funu biliyorum. Yan\u0131n\u0131zda olamazsam da sizleri izledim. Ger\u00e7ekten \u00e7ok heyecanl\u0131yd\u0131. Biz ekran kar\u015f\u0131s\u0131nda heyecanla izledik sizleri. \u00c7ok g\u00fczel bir duyguydu. Herkese \u00e7ok te\u015fekk\u00fcr ediyorum. Bu kupalar\u0131n devam\u0131n\u0131n gelmesini de istiyorum&#8221;<\/p>\n<p>&#8220;Hep beraber \u00e7ok \u00e7al\u0131\u015ft\u0131k, verdi\u011fimiz s\u00f6zleri tuttuk&#8221;<br \/>\n<br \/>Manisa B\u00fcy\u00fck\u015fehir Belediyespor Kul\u00fcb\u00fc Voleybol Tak\u0131m\u0131 Ba\u015fantren\u00f6r\u00fc Caner Do\u011fan\u00e7ay ise &#8220;Her \u015fey i\u00e7in \u00e7ok te\u015fekk\u00fcr ederim. \u00c7ok g\u00fczel bir sezon ge\u00e7irdik. Hedefimiz olan 1. Lig\u2019e, hep beraber \u00e7ok \u00e7al\u0131\u015ft\u0131k \u00e7\u0131kt\u0131k, verdi\u011fimiz s\u00f6zleri tuttuk. \u00c7ok mutluyuz. \u00d6n\u00fcm\u00fczdeki sene de in\u015fallah 1. Lig\u2019de de s\u00f6z verece\u011fiz ve hedefimize hep beraber ula\u015fmak i\u00e7in var g\u00fcc\u00fcm\u00fczle \u00e7al\u0131\u015faca\u011f\u0131z&#8221; \u015feklinde konu\u015ftu.<\/p>\n<p>&#8220;Ba\u015far\u0131 Manisa\u2019ya \u00e7ok yak\u0131\u015ft\u0131&#8221;<br \/>\n<br \/>Manisa B\u00fcy\u00fck\u015fehir Belediyespor Kul\u00fcp Ba\u015fkan\u0131 Emre Hasg\u00f6r de &#8220;Birbirlerine ba\u011fl\u0131 bir ekip var. Ellerinden ne geliyorsa yap\u0131yorlar. \u015eampiyonlu\u011fun \u00f6tesinde \u00e7ok g\u00fczel hat\u0131ralar\u0131m\u0131z oldu&#8221; diye konu\u015ftu.<br \/>\n<br \/>Tak\u0131m kaptan\u0131 G\u00fcls\u00fcm \u015eeyda Alp Ta\u015fl\u0131 ise herkesin \u00e7ok b\u00fcy\u00fck deste\u011fi oldu\u011funu belirterek, &#8220;\u0130nand\u0131k, \u015fampiyon olduk. Umar\u0131m \u00f6n\u00fcm\u00fczdeki sezon da b\u00f6yle bir yap\u0131lanma olur. Ba\u015far\u0131 Manisa\u2019ya \u00e7ok yak\u0131\u015ft\u0131. Te\u015fekk\u00fcr ediyorum, tak\u0131m arkada\u015flar\u0131m\u0131 tebrik ediyorum&#8221; dedi.<br \/><\/p>\n","protected":false},"excerpt":{"rendered":"<p>Manisa\u2019n\u0131n Sultanlar\u0131 tarih yazd\u0131. Manisa B\u00fcy\u00fck\u015fehir Belediyespor Kul\u00fcb\u00fc Kad\u0131n Voleybol Tak\u0131m\u0131, KFC Kad\u0131nlar 1. Ligi\u2019ne y\u00fckselerek b\u00fcy\u00fck bir ba\u015far\u0131ya imza att\u0131. \u015eampiyon ekip, zaferin ard\u0131ndan kupayla Ba\u015fkan Ferdi Zeyrek\u2019i ziyaret etti. 7-8 ay \u00f6nce \u015fampiyonluk s\u00f6z\u00fc verdiklerini hat\u0131rlatan ve her zaman yanlar\u0131nda olaca\u011f\u0131n\u0131 vurgulayan Manisa B\u00fcy\u00fck\u015fehir Belediye Ba\u015fkan\u0131 Ferdi Zeyrek, &#8220;Bug\u00fcn kupayla geldiniz. S\u00f6z\u00fcn\u00fcz\u00fc tuttu\u011funuz&#8230;<\/p>\n","protected":false},"author":1,"featured_media":22306,"comment_status":"open","ping_status":"open","sticky":false,"template":"","format":"standard","meta":{"_crdt_document":"","footnotes":""},"categories":[4],"tags":[],"class_list":["post-22305","post","type-post","status-publish","format-standard","has-post-thumbnail","hentry","category-spor"],"_links":{"self":[{"href":"https:\/\/www.egemtv.com\/index.php?rest_route=\/wp\/v2\/posts\/22305","targetHints":{"allow":["GET"]}}],"collection":[{"href":"https:\/\/www.egemtv.com\/index.php?rest_route=\/wp\/v2\/posts"}],"about":[{"href":"https:\/\/www.egemtv.com\/index.php?rest_route=\/wp\/v2\/types\/post"}],"author":[{"embeddable":true,"href":"https:\/\/www.egemtv.com\/index.php?rest_route=\/wp\/v2\/users\/1"}],"replies":[{"embeddable":true,"href":"https:\/\/www.egemtv.com\/index.php?rest_route=%2Fwp%2Fv2%2Fcomments&post=22305"}],"version-history":[{"count":1,"href":"https:\/\/www.egemtv.com\/index.php?rest_route=\/wp\/v2\/posts\/22305\/revisions"}],"predecessor-version":[{"id":22307,"href":"https:\/\/www.egemtv.com\/index.php?rest_route=\/wp\/v2\/posts\/22305\/revisions\/22307"}],"wp:featuredmedia":[{"embeddable":true,"href":"https:\/\/www.egemtv.com\/index.php?rest_route=\/wp\/v2\/media\/22306"}],"wp:attachment":[{"href":"https:\/\/www.egemtv.com\/index.php?rest_route=%2Fwp%2Fv2%2Fmedia&parent=22305"}],"wp:term":[{"taxonomy":"category","embeddable":true,"href":"https:\/\/www.egemtv.com\/index.php?rest_route=%2Fwp%2Fv2%2Fcategories&post=22305"},{"taxonomy":"post_tag","embeddable":true,"href":"https:\/\/www.egemtv.com\/index.php?rest_route=%2Fwp%2Fv2%2Ftags&post=22305"}],"curies":[{"name":"wp","href":"https:\/\/api.w.org\/{rel}","templated":true}]}}