{"id":22302,"date":"2025-02-25T13:27:30","date_gmt":"2025-02-25T10:27:30","guid":{"rendered":"https:\/\/www.egemtv.com\/?p=22302"},"modified":"2025-02-25T13:27:35","modified_gmt":"2025-02-25T10:27:35","slug":"bucaspor-1928-teknik-direktor-ariyor","status":"publish","type":"post","link":"https:\/\/www.egemtv.com\/?p=22302","title":{"rendered":"Bucaspor 1928, teknik direkt\u00f6r ar\u0131yor"},"content":{"rendered":"<p>Tuna \u00dcz\u00fcmc\u00fc ile yollar\u0131n\u0131 ay\u0131ran Bucaspor 1928\u2019in yeni teknik direkt\u00f6r aray\u0131\u015flar\u0131na ba\u015flad\u0131\u011f\u0131 \u00f6\u011frenildi.<br \/>\n<br \/>TFF 2. Lig K\u0131rm\u0131z\u0131 Grup ekiplerinden Bucaspor 1928\u2019de d\u00fcn \u00f6\u011fle saatlerinde fla\u015f bir geli\u015fme ya\u015fand\u0131 ve teknik direkt\u00f6r Tuna \u00dcz\u00fcmc\u00fc ile kar\u015f\u0131l\u0131kl\u0131 anla\u015f\u0131larak yollar ayr\u0131ld\u0131. Sar\u0131-lacivertli ekipte 6 ma\u00e7ta 3 galibiyet, 2 beraberlik ve 1 yenilgiyle 11 puan toplayan \u00dcz\u00fcmc\u00fc\u2019n\u00fcn y\u00f6netim ile fikir ayr\u0131l\u0131klar\u0131 ya\u015fad\u0131\u011f\u0131 ifade edildi. Bu s\u00fcre\u00e7ten sonra aray\u0131\u015fa ge\u00e7en \u0130zmir ekibinin yeni teknik adam\u0131 bulmas\u0131 konusunda aceleci bir karar vermek istedi\u011fi \u00f6\u011frenildi. Sar\u0131-lacivertli y\u00f6neticilerin Play-off hedefine ula\u015fmak i\u00e7in ligi iyi bilen ve tak\u0131m\u0131 tan\u0131yan bir teknik adamla anla\u015fmak istedi\u011fi ve listelerinde \u00e7ok say\u0131da teknik adam\u0131n oldu\u011fu bildirildi. Bucaspor 1928\u2019in yeni teknik direkt\u00f6r\u00fcn\u00fcn 3-4 g\u00fcn i\u00e7inde belli olmas\u0131 bekleniyor.<br \/>\n<br \/>Sar\u0131-lacivertliler, TFF 2. Lig K\u0131rm\u0131z\u0131 Grup\u2019ta 35 puanla Play-off hatt\u0131n\u0131n 5 puan gerisinde 7. s\u0131rada yer al\u0131yor.<br \/><\/p>\n","protected":false},"excerpt":{"rendered":"<p>Tuna \u00dcz\u00fcmc\u00fc ile yollar\u0131n\u0131 ay\u0131ran Bucaspor 1928\u2019in yeni teknik direkt\u00f6r aray\u0131\u015flar\u0131na ba\u015flad\u0131\u011f\u0131 \u00f6\u011frenildi. TFF 2. Lig K\u0131rm\u0131z\u0131 Grup ekiplerinden Bucaspor 1928\u2019de d\u00fcn \u00f6\u011fle saatlerinde fla\u015f bir geli\u015fme ya\u015fand\u0131 ve teknik direkt\u00f6r Tuna \u00dcz\u00fcmc\u00fc ile kar\u015f\u0131l\u0131kl\u0131 anla\u015f\u0131larak yollar ayr\u0131ld\u0131. Sar\u0131-lacivertli ekipte 6 ma\u00e7ta 3 galibiyet, 2 beraberlik ve 1 yenilgiyle 11 puan toplayan \u00dcz\u00fcmc\u00fc\u2019n\u00fcn y\u00f6netim ile&#8230;<\/p>\n","protected":false},"author":1,"featured_media":22303,"comment_status":"open","ping_status":"open","sticky":false,"template":"","format":"standard","meta":{"_crdt_document":"","footnotes":""},"categories":[4],"tags":[],"class_list":["post-22302","post","type-post","status-publish","format-standard","has-post-thumbnail","hentry","category-spor"],"_links":{"self":[{"href":"https:\/\/www.egemtv.com\/index.php?rest_route=\/wp\/v2\/posts\/22302","targetHints":{"allow":["GET"]}}],"collection":[{"href":"https:\/\/www.egemtv.com\/index.php?rest_route=\/wp\/v2\/posts"}],"about":[{"href":"https:\/\/www.egemtv.com\/index.php?rest_route=\/wp\/v2\/types\/post"}],"author":[{"embeddable":true,"href":"https:\/\/www.egemtv.com\/index.php?rest_route=\/wp\/v2\/users\/1"}],"replies":[{"embeddable":true,"href":"https:\/\/www.egemtv.com\/index.php?rest_route=%2Fwp%2Fv2%2Fcomments&post=22302"}],"version-history":[{"count":1,"href":"https:\/\/www.egemtv.com\/index.php?rest_route=\/wp\/v2\/posts\/22302\/revisions"}],"predecessor-version":[{"id":22304,"href":"https:\/\/www.egemtv.com\/index.php?rest_route=\/wp\/v2\/posts\/22302\/revisions\/22304"}],"wp:featuredmedia":[{"embeddable":true,"href":"https:\/\/www.egemtv.com\/index.php?rest_route=\/wp\/v2\/media\/22303"}],"wp:attachment":[{"href":"https:\/\/www.egemtv.com\/index.php?rest_route=%2Fwp%2Fv2%2Fmedia&parent=22302"}],"wp:term":[{"taxonomy":"category","embeddable":true,"href":"https:\/\/www.egemtv.com\/index.php?rest_route=%2Fwp%2Fv2%2Fcategories&post=22302"},{"taxonomy":"post_tag","embeddable":true,"href":"https:\/\/www.egemtv.com\/index.php?rest_route=%2Fwp%2Fv2%2Ftags&post=22302"}],"curies":[{"name":"wp","href":"https:\/\/api.w.org\/{rel}","templated":true}]}}