{"id":22299,"date":"2025-02-25T13:27:27","date_gmt":"2025-02-25T10:27:27","guid":{"rendered":"https:\/\/www.egemtv.com\/?p=22299"},"modified":"2025-02-25T13:27:30","modified_gmt":"2025-02-25T10:27:30","slug":"turkiyede-sadece-iftar-ve-sahurda-binlerce-ton-hurma-tuketiliyor","status":"publish","type":"post","link":"https:\/\/www.egemtv.com\/?p=22299","title":{"rendered":"T\u00fcrkiye\u2019de sadece iftar ve sahurda binlerce ton hurma t\u00fcketiliyor"},"content":{"rendered":"<p>Merkezi Ayd\u0131n\u2019da bulunan ve \u00fclke genelindeki 123 ma\u011fazas\u0131 ile t\u00fcm T\u00fcrkiye\u2019de hizmet veren Tu\u011fba Kuruyemi\u015f\u2019te Ramazan ay\u0131 haz\u0131rl\u0131klar\u0131 tamamland\u0131. Hurman\u0131n en fazla t\u00fcketildi\u011fi Ramazan ay\u0131na \u00f6zel olarak Ayd\u0131n\u2019\u0131n milli meyvesi incir de iftarl\u0131klar aras\u0131nda yerini ald\u0131.<br \/>\n<br \/>Kendine \u00f6zg\u00fc tarhanas\u0131ndan incir d\u00f6nerine, kahvesinden lokumuna kadar yakla\u015f\u0131k bin \u00e7e\u015fit \u00fcr\u00fcn ile hizmet veren Tu\u011fba Kuruyemi\u015f\u2019te yakla\u015f\u0131k 100 ton hurma i\u015flenerek \u015fubelere g\u00f6nderildi. Ramazan ay\u0131 i\u00e7erisinde en fazla t\u00fcketilen \u00fcr\u00fcnlerden birinin hurma oldu\u011funu belirten Tu\u011fba Kuruyemi\u015f Y\u00f6netim Kurulu Ba\u015fkan\u0131 Ahmet Tonkul, &#8220;Firma olarak y\u0131l\u0131n 12 ay\u0131 hurma i\u015fleriz. Ancak Ramazan ay\u0131nda en fazla ra\u011fbet g\u00f6ren \u00fcr\u00fcnlerin ba\u015f\u0131nda hurma gelir. Pek \u00e7ok ki\u015fi orucunu hurma ile a\u00e7\u0131yor. Bunun yan\u0131nda biz Ayd\u0131n merkezli bir firma oldu\u011fumuz i\u00e7in Ayd\u0131n\u2019\u0131n milli meyvesi incirin de Ramazan sofralar\u0131nda yer almas\u0131 i\u00e7in \u00f6zel \u00e7al\u0131\u015fmalar yap\u0131yoruz. \u0130slam d\u00fcnyas\u0131nda \u00f6nemli yeri olan 11 ay\u0131n sultan\u0131 olarak adland\u0131r\u0131lan Ramazan ay\u0131na \u00f6zel taze hurma, Jumbo boy Kud\u00fcs Hurma ve Duble Medine Hurma olarak 3 ayr\u0131 hurma \u00e7e\u015fidi ile hizmet veriyoruz. Y\u0131l\u0131n 12 ay\u0131 tezgahlar\u0131m\u0131zda hurma eksik olmuyor. Ancak Ramazan ay\u0131nda t\u00fcketim en \u00fcst seviyeye ula\u015ft\u0131\u011f\u0131 i\u00e7in haz\u0131rl\u0131klar\u0131m\u0131z\u0131 ona g\u00f6re yapt\u0131k. Ramazan ay\u0131 haz\u0131rl\u0131klar\u0131m\u0131z\u0131 tamamlad\u0131k. Sevkiyatlar\u0131m\u0131z s\u00fcr\u00fcyor&#8221; diyerek firma olarak Ramazan ay\u0131na \u00f6zel kampanyalar\u0131n\u0131n da bulundu\u011funu belirtti.<br \/><\/p>\n","protected":false},"excerpt":{"rendered":"<p>Merkezi Ayd\u0131n\u2019da bulunan ve \u00fclke genelindeki 123 ma\u011fazas\u0131 ile t\u00fcm T\u00fcrkiye\u2019de hizmet veren Tu\u011fba Kuruyemi\u015f\u2019te Ramazan ay\u0131 haz\u0131rl\u0131klar\u0131 tamamland\u0131. Hurman\u0131n en fazla t\u00fcketildi\u011fi Ramazan ay\u0131na \u00f6zel olarak Ayd\u0131n\u2019\u0131n milli meyvesi incir de iftarl\u0131klar aras\u0131nda yerini ald\u0131. Kendine \u00f6zg\u00fc tarhanas\u0131ndan incir d\u00f6nerine, kahvesinden lokumuna kadar yakla\u015f\u0131k bin \u00e7e\u015fit \u00fcr\u00fcn ile hizmet veren Tu\u011fba Kuruyemi\u015f\u2019te yakla\u015f\u0131k 100&#8230;<\/p>\n","protected":false},"author":1,"featured_media":22300,"comment_status":"open","ping_status":"open","sticky":false,"template":"","format":"standard","meta":{"_crdt_document":"","footnotes":""},"categories":[125],"tags":[],"class_list":["post-22299","post","type-post","status-publish","format-standard","has-post-thumbnail","hentry","category-ekonomi"],"_links":{"self":[{"href":"https:\/\/www.egemtv.com\/index.php?rest_route=\/wp\/v2\/posts\/22299","targetHints":{"allow":["GET"]}}],"collection":[{"href":"https:\/\/www.egemtv.com\/index.php?rest_route=\/wp\/v2\/posts"}],"about":[{"href":"https:\/\/www.egemtv.com\/index.php?rest_route=\/wp\/v2\/types\/post"}],"author":[{"embeddable":true,"href":"https:\/\/www.egemtv.com\/index.php?rest_route=\/wp\/v2\/users\/1"}],"replies":[{"embeddable":true,"href":"https:\/\/www.egemtv.com\/index.php?rest_route=%2Fwp%2Fv2%2Fcomments&post=22299"}],"version-history":[{"count":1,"href":"https:\/\/www.egemtv.com\/index.php?rest_route=\/wp\/v2\/posts\/22299\/revisions"}],"predecessor-version":[{"id":22301,"href":"https:\/\/www.egemtv.com\/index.php?rest_route=\/wp\/v2\/posts\/22299\/revisions\/22301"}],"wp:featuredmedia":[{"embeddable":true,"href":"https:\/\/www.egemtv.com\/index.php?rest_route=\/wp\/v2\/media\/22300"}],"wp:attachment":[{"href":"https:\/\/www.egemtv.com\/index.php?rest_route=%2Fwp%2Fv2%2Fmedia&parent=22299"}],"wp:term":[{"taxonomy":"category","embeddable":true,"href":"https:\/\/www.egemtv.com\/index.php?rest_route=%2Fwp%2Fv2%2Fcategories&post=22299"},{"taxonomy":"post_tag","embeddable":true,"href":"https:\/\/www.egemtv.com\/index.php?rest_route=%2Fwp%2Fv2%2Ftags&post=22299"}],"curies":[{"name":"wp","href":"https:\/\/api.w.org\/{rel}","templated":true}]}}