{"id":22296,"date":"2025-02-25T13:27:21","date_gmt":"2025-02-25T10:27:21","guid":{"rendered":"https:\/\/www.egemtv.com\/?p=22296"},"modified":"2025-02-25T13:27:27","modified_gmt":"2025-02-25T10:27:27","slug":"sarigolun-en-kucuk-mahallesinde-21-kisi-yasiyor","status":"publish","type":"post","link":"https:\/\/www.egemtv.com\/?p=22296","title":{"rendered":"Sar\u0131g\u00f6l\u2019\u00fcn en k\u00fc\u00e7\u00fck mahallesinde 21 ki\u015fi ya\u015f\u0131yor"},"content":{"rendered":"<p>Manisa\u2019n\u0131n Sar\u0131g\u00f6l il\u00e7esine ba\u011fl\u0131 Do\u011fu\u015flar Mahallesi, sadece 21 ki\u015finin ya\u015fad\u0131\u011f\u0131, adeta zaman\u0131n durdu\u011fu bir yerle\u015fim yeri. Tek bir caddesi bulunan ve 7 haneden olu\u015fan \u015firin mahalle, huzurlu ve sakin ya\u015fam\u0131yla dikkat \u00e7ekiyor.<br \/>\n<br \/>Do\u011fu\u015flar Mahallesi, as\u0131rl\u0131k ge\u00e7mi\u015fiyle ziyaret\u00e7ilerini b\u00fcy\u00fclerken, mahallenin tarihi mezarl\u0131\u011f\u0131, isimsiz kara ta\u015flar\u0131yla ge\u00e7mi\u015fe \u0131\u015f\u0131k tutuyor. Her y\u0131l ekim sonu kas\u0131m ay\u0131n\u0131n ilk haftalar\u0131nda sar\u0131 renkli gelincik \u00e7i\u00e7ekleriyle kaplanan mezarl\u0131k ise e\u015fsiz bir g\u00fczellik sunuyor.<br \/>\n<br \/>Sar\u0131g\u00f6l\u2019\u00fcn en eski yerle\u015fim yerlerinden biri olan ve il\u00e7e merkezine yak\u0131nl\u0131\u011f\u0131 y\u00fcz\u00fcnden halk\u0131n il\u00e7eye ta\u015f\u0131nmas\u0131 sonucu n\u00fcfusu h\u0131zla azalan mahallenin sakinleri, verimli topraklarda \u00fcz\u00fcm yeti\u015ftiricili\u011fi yaparak ge\u00e7imlerini sa\u011fl\u0131yor. Sar\u0131g\u00f6l\u2019\u00fcn en k\u00fc\u00e7\u00fck, Manisa\u2019n\u0131n ise en k\u00fc\u00e7\u00fck \u00fc\u00e7\u00fcnc\u00fc mahallesi olan Do\u011fu\u015flar Mahallesi, sakin ve huzurlu ya\u015fam tarz\u0131yla \u00f6ne \u00e7\u0131karken, mahallede \u00f6nemli adli olaylar\u0131n ya\u015fanmad\u0131\u011f\u0131 ve kahvehane gibi sosyal mekanlar\u0131n bulunmad\u0131\u011f\u0131 \u00f6\u011frenildi. Do\u011fu\u015flar Mahallesi\u2019nde y\u0131llar \u00f6nce hay\u0131rseverlerin yard\u0131m\u0131yla in\u015fa edilen minaresiz bir cami bulunuyor. Ancak caminin imam hatibi ba\u015fka bir k\u00f6ye atand\u0131\u011f\u0131ndan beri, camiye yeni bir imam atanmad\u0131\u011f\u0131 bildirilirken, mahalle sakinleri, bu durumun \u00e7\u00f6z\u00fclmesini bekliyor.<br \/>\n<br \/>Do\u011fu\u015flar Mahallesi\u2019ne ula\u015f\u0131m ise olduk\u00e7a kolay. Sar\u0131g\u00f6l il\u00e7e merkezine yak\u0131nl\u0131\u011f\u0131 sayesinde, ziyaret\u00e7iler rahatl\u0131kla mahalleye ula\u015fabiliyor. Mahallenin tek caddesi, Yukar\u0131ko\u00e7aklar, Ye\u015filtepe, Bahad\u0131rlar ve T\u0131razlar mahallelerine de ge\u00e7i\u015f yolu sa\u011fl\u0131yor.<br \/>\n<br \/>Sar\u0131g\u00f6l Do\u011fu\u015flar Mahalle Muhtar\u0131 \u0130brahim Kula, mahallesinde y\u0131llardan bu yana \u00f6nemli bir adli vakan\u0131n olmad\u0131\u011f\u0131n\u0131, sakin bir mahalle oldu\u011funu ve kahvehanenin bile bulunmad\u0131\u011f\u0131n\u0131 s\u00f6yledi. Muhtar \u0130brahim Kula, &#8220;Babam d\u00f6rt be\u015f d\u00f6nem muhtarl\u0131k yapt\u0131. Sonra ba\u015fka birisi yapt\u0131. Bu d\u00f6nem aday oldum ve eski muhtar da ben de 10\u2019ar oy ald\u0131m. \u00c7ekilen kura sonucu mahallenin yeni muhtar\u0131 se\u00e7ildim. Mahallemde 21 ki\u015fi kal\u0131yor yedi hanem var. G\u00fcnd\u00fcz olunca bu say\u0131 y\u00fcz ki\u015fi oluyor. G\u00fcnd\u00fcz ba\u011f ve bah\u00e7e i\u015fi olunca k\u00f6yden Sar\u0131g\u00f6l\u2019e gidenler geliyor. Ba\u011f bah\u00e7e i\u015finde \u00e7al\u0131\u015f\u0131yorlar, ak\u015fam olunca Sar\u0131g\u00f6l\u2019e gidiyorlar&#8221; dedi.<br \/><\/p>\n","protected":false},"excerpt":{"rendered":"<p>Manisa\u2019n\u0131n Sar\u0131g\u00f6l il\u00e7esine ba\u011fl\u0131 Do\u011fu\u015flar Mahallesi, sadece 21 ki\u015finin ya\u015fad\u0131\u011f\u0131, adeta zaman\u0131n durdu\u011fu bir yerle\u015fim yeri. Tek bir caddesi bulunan ve 7 haneden olu\u015fan \u015firin mahalle, huzurlu ve sakin ya\u015fam\u0131yla dikkat \u00e7ekiyor. Do\u011fu\u015flar Mahallesi, as\u0131rl\u0131k ge\u00e7mi\u015fiyle ziyaret\u00e7ilerini b\u00fcy\u00fclerken, mahallenin tarihi mezarl\u0131\u011f\u0131, isimsiz kara ta\u015flar\u0131yla ge\u00e7mi\u015fe \u0131\u015f\u0131k tutuyor. Her y\u0131l ekim sonu kas\u0131m ay\u0131n\u0131n ilk haftalar\u0131nda&#8230;<\/p>\n","protected":false},"author":1,"featured_media":22297,"comment_status":"open","ping_status":"open","sticky":false,"template":"","format":"standard","meta":{"_crdt_document":"","footnotes":""},"categories":[123],"tags":[],"class_list":["post-22296","post","type-post","status-publish","format-standard","has-post-thumbnail","hentry","category-gundem"],"_links":{"self":[{"href":"https:\/\/www.egemtv.com\/index.php?rest_route=\/wp\/v2\/posts\/22296","targetHints":{"allow":["GET"]}}],"collection":[{"href":"https:\/\/www.egemtv.com\/index.php?rest_route=\/wp\/v2\/posts"}],"about":[{"href":"https:\/\/www.egemtv.com\/index.php?rest_route=\/wp\/v2\/types\/post"}],"author":[{"embeddable":true,"href":"https:\/\/www.egemtv.com\/index.php?rest_route=\/wp\/v2\/users\/1"}],"replies":[{"embeddable":true,"href":"https:\/\/www.egemtv.com\/index.php?rest_route=%2Fwp%2Fv2%2Fcomments&post=22296"}],"version-history":[{"count":1,"href":"https:\/\/www.egemtv.com\/index.php?rest_route=\/wp\/v2\/posts\/22296\/revisions"}],"predecessor-version":[{"id":22298,"href":"https:\/\/www.egemtv.com\/index.php?rest_route=\/wp\/v2\/posts\/22296\/revisions\/22298"}],"wp:featuredmedia":[{"embeddable":true,"href":"https:\/\/www.egemtv.com\/index.php?rest_route=\/wp\/v2\/media\/22297"}],"wp:attachment":[{"href":"https:\/\/www.egemtv.com\/index.php?rest_route=%2Fwp%2Fv2%2Fmedia&parent=22296"}],"wp:term":[{"taxonomy":"category","embeddable":true,"href":"https:\/\/www.egemtv.com\/index.php?rest_route=%2Fwp%2Fv2%2Fcategories&post=22296"},{"taxonomy":"post_tag","embeddable":true,"href":"https:\/\/www.egemtv.com\/index.php?rest_route=%2Fwp%2Fv2%2Ftags&post=22296"}],"curies":[{"name":"wp","href":"https:\/\/api.w.org\/{rel}","templated":true}]}}