{"id":22206,"date":"2025-02-25T08:46:05","date_gmt":"2025-02-25T05:46:05","guid":{"rendered":"https:\/\/www.egemtv.com\/?p=22206"},"modified":"2025-02-25T08:46:09","modified_gmt":"2025-02-25T05:46:09","slug":"karinada-deniz-30-metre-cekildi","status":"publish","type":"post","link":"https:\/\/www.egemtv.com\/?p=22206","title":{"rendered":"Karina\u2019da deniz 30 metre \u00e7ekildi"},"content":{"rendered":"<p>Ayd\u0131n\u2019\u0131n denize k\u0131y\u0131s\u0131 olan S\u00f6ke, Didim ve Ku\u015fadas\u0131 il\u00e7eleri aras\u0131nda kalan Karina B\u00f6lgesi\u2019nde deniz suyu yakla\u015f\u0131k30 metre \u00e7ekildi. Deniz suyu \u00e7ekilmesinin ola\u011fan bir durum oldu\u011funu belirten b\u00f6lge sakinleri olay\u0131n Yunanistan\u2019da ya\u015fanan depremlerle bir alakas\u0131n\u0131n olmad\u0131\u011f\u0131n\u0131 belirttiler.<br \/>\n<br \/>Ayd\u0131n\u2019\u0131n \u00f6nemli bal\u0131k\u00e7\u0131l\u0131k merkezilerinden biri olan S\u00f6ke Eskido\u011fanbey K\u00f6y\u00fc yak\u0131nlar\u0131nda bulunan Karina\u2019da deniz suyu yakla\u015f\u0131k 30 metre \u00e7ekilince baz\u0131 bal\u0131k\u00e7\u0131 tekneleri karaya oturdu. Deniz suyunun \u00e7ekilmesi ile birlikte sahilde ilgin\u00e7 g\u00f6r\u00fcnt\u00fcler olu\u015furken, \u00e7ekilmenin Karina B\u00f6lgesi\u2019nde ya\u015fanan gel-git olaylar\u0131ndan kaynakland\u0131\u011f\u0131 belirtildi.<br \/>\n<br \/>Her y\u0131l k\u0131\u015f mevsiminde benzer durumun ya\u015fand\u0131\u011f\u0131n\u0131 ancak bu y\u0131l denizde \u00e7ekilme olay\u0131n\u0131n daha fazla ve daha uzun s\u00fcreli ya\u015fand\u0131\u011f\u0131n\u0131 belirten Nihat Kaya, &#8220;D\u0131\u015far\u0131dan gelen ve deniz suyu \u00e7ekilmesine ilk defa \u015fahit olanlar durumdan endi\u015fe duyuyor. Biz bu b\u00f6lgede \u00e7ocuklu\u011fumuzdan beri bal\u0131k\u00e7\u0131l\u0131k yapar\u0131z. Bizler bu duruma al\u0131\u015ft\u0131k. Baz\u0131lar\u0131 kom\u015fumuz Yunanistan merkezli depremlerden kaynakland\u0131\u011f\u0131n\u0131 san\u0131p endi\u015fe ediyor ama bizim i\u00e7in anormal bir durum yok&#8221; diye konu\u015ftu.<br \/><\/p>\n","protected":false},"excerpt":{"rendered":"<p>Ayd\u0131n\u2019\u0131n denize k\u0131y\u0131s\u0131 olan S\u00f6ke, Didim ve Ku\u015fadas\u0131 il\u00e7eleri aras\u0131nda kalan Karina B\u00f6lgesi\u2019nde deniz suyu yakla\u015f\u0131k30 metre \u00e7ekildi. Deniz suyu \u00e7ekilmesinin ola\u011fan bir durum oldu\u011funu belirten b\u00f6lge sakinleri olay\u0131n Yunanistan\u2019da ya\u015fanan depremlerle bir alakas\u0131n\u0131n olmad\u0131\u011f\u0131n\u0131 belirttiler. Ayd\u0131n\u2019\u0131n \u00f6nemli bal\u0131k\u00e7\u0131l\u0131k merkezilerinden biri olan S\u00f6ke Eskido\u011fanbey K\u00f6y\u00fc yak\u0131nlar\u0131nda bulunan Karina\u2019da deniz suyu yakla\u015f\u0131k 30 metre \u00e7ekilince baz\u0131&#8230;<\/p>\n","protected":false},"author":1,"featured_media":22207,"comment_status":"open","ping_status":"open","sticky":false,"template":"","format":"standard","meta":{"_crdt_document":"","footnotes":""},"categories":[1],"tags":[],"class_list":["post-22206","post","type-post","status-publish","format-standard","has-post-thumbnail","hentry","category-guncel"],"_links":{"self":[{"href":"https:\/\/www.egemtv.com\/index.php?rest_route=\/wp\/v2\/posts\/22206","targetHints":{"allow":["GET"]}}],"collection":[{"href":"https:\/\/www.egemtv.com\/index.php?rest_route=\/wp\/v2\/posts"}],"about":[{"href":"https:\/\/www.egemtv.com\/index.php?rest_route=\/wp\/v2\/types\/post"}],"author":[{"embeddable":true,"href":"https:\/\/www.egemtv.com\/index.php?rest_route=\/wp\/v2\/users\/1"}],"replies":[{"embeddable":true,"href":"https:\/\/www.egemtv.com\/index.php?rest_route=%2Fwp%2Fv2%2Fcomments&post=22206"}],"version-history":[{"count":1,"href":"https:\/\/www.egemtv.com\/index.php?rest_route=\/wp\/v2\/posts\/22206\/revisions"}],"predecessor-version":[{"id":22208,"href":"https:\/\/www.egemtv.com\/index.php?rest_route=\/wp\/v2\/posts\/22206\/revisions\/22208"}],"wp:featuredmedia":[{"embeddable":true,"href":"https:\/\/www.egemtv.com\/index.php?rest_route=\/wp\/v2\/media\/22207"}],"wp:attachment":[{"href":"https:\/\/www.egemtv.com\/index.php?rest_route=%2Fwp%2Fv2%2Fmedia&parent=22206"}],"wp:term":[{"taxonomy":"category","embeddable":true,"href":"https:\/\/www.egemtv.com\/index.php?rest_route=%2Fwp%2Fv2%2Fcategories&post=22206"},{"taxonomy":"post_tag","embeddable":true,"href":"https:\/\/www.egemtv.com\/index.php?rest_route=%2Fwp%2Fv2%2Ftags&post=22206"}],"curies":[{"name":"wp","href":"https:\/\/api.w.org\/{rel}","templated":true}]}}