{"id":22161,"date":"2025-02-24T17:07:51","date_gmt":"2025-02-24T14:07:51","guid":{"rendered":"https:\/\/www.egemtv.com\/?p=22161"},"modified":"2025-02-24T17:07:51","modified_gmt":"2025-02-24T14:07:51","slug":"karpuzluda-ev-yangini","status":"publish","type":"post","link":"https:\/\/www.egemtv.com\/?p=22161","title":{"rendered":"Karpuzlu\u2019da ev yang\u0131n\u0131"},"content":{"rendered":"<p>Ayd\u0131n\u2019\u0131n Karpuzlu il\u00e7esinde \u00e7\u0131kan yang\u0131nda bir ev k\u00fcle d\u00f6nd\u00fc.<\/p>\n<p>Yang\u0131n Orta Mahalle\u2019deki bo\u015f bir evde meydana geldi. Edinilen bilgiye g\u00f6re, iki katl\u0131 evden bir anda dumanlar y\u00fckselmeye ba\u015flad\u0131. Mahalle sakinleri ihbarda bulunmas\u0131n\u0131n ard\u0131ndan alevlere m\u00fcdahale etmeye ba\u015flad\u0131. Olay yerine gelen Ayd\u0131n B\u00fcy\u00fck\u015fehir Belediyesi itfaiye ekipleri alevlere m\u00fcdahale ederek s\u00f6nd\u00fcrd\u00fc. Yang\u0131n sonras\u0131 ev kullan\u0131lmaz hale geldi.<\/p>\n<p>Yang\u0131nla ilgili inceleme ba\u015flat\u0131ld\u0131.<br \/><\/p>\n","protected":false},"excerpt":{"rendered":"<p>Ayd\u0131n\u2019\u0131n Karpuzlu il\u00e7esinde \u00e7\u0131kan yang\u0131nda bir ev k\u00fcle d\u00f6nd\u00fc. Yang\u0131n Orta Mahalle\u2019deki bo\u015f bir evde meydana geldi. Edinilen bilgiye g\u00f6re, iki katl\u0131 evden bir anda dumanlar y\u00fckselmeye ba\u015flad\u0131. Mahalle sakinleri ihbarda bulunmas\u0131n\u0131n ard\u0131ndan alevlere m\u00fcdahale etmeye ba\u015flad\u0131. Olay yerine gelen Ayd\u0131n B\u00fcy\u00fck\u015fehir Belediyesi itfaiye ekipleri alevlere m\u00fcdahale ederek s\u00f6nd\u00fcrd\u00fc. Yang\u0131n sonras\u0131 ev kullan\u0131lmaz hale geldi&#8230;.<\/p>\n","protected":false},"author":1,"featured_media":22162,"comment_status":"open","ping_status":"open","sticky":false,"template":"","format":"standard","meta":{"_crdt_document":"","footnotes":""},"categories":[5],"tags":[],"class_list":["post-22161","post","type-post","status-publish","format-standard","has-post-thumbnail","hentry","category-asayis"],"_links":{"self":[{"href":"https:\/\/www.egemtv.com\/index.php?rest_route=\/wp\/v2\/posts\/22161","targetHints":{"allow":["GET"]}}],"collection":[{"href":"https:\/\/www.egemtv.com\/index.php?rest_route=\/wp\/v2\/posts"}],"about":[{"href":"https:\/\/www.egemtv.com\/index.php?rest_route=\/wp\/v2\/types\/post"}],"author":[{"embeddable":true,"href":"https:\/\/www.egemtv.com\/index.php?rest_route=\/wp\/v2\/users\/1"}],"replies":[{"embeddable":true,"href":"https:\/\/www.egemtv.com\/index.php?rest_route=%2Fwp%2Fv2%2Fcomments&post=22161"}],"version-history":[{"count":1,"href":"https:\/\/www.egemtv.com\/index.php?rest_route=\/wp\/v2\/posts\/22161\/revisions"}],"predecessor-version":[{"id":22163,"href":"https:\/\/www.egemtv.com\/index.php?rest_route=\/wp\/v2\/posts\/22161\/revisions\/22163"}],"wp:featuredmedia":[{"embeddable":true,"href":"https:\/\/www.egemtv.com\/index.php?rest_route=\/wp\/v2\/media\/22162"}],"wp:attachment":[{"href":"https:\/\/www.egemtv.com\/index.php?rest_route=%2Fwp%2Fv2%2Fmedia&parent=22161"}],"wp:term":[{"taxonomy":"category","embeddable":true,"href":"https:\/\/www.egemtv.com\/index.php?rest_route=%2Fwp%2Fv2%2Fcategories&post=22161"},{"taxonomy":"post_tag","embeddable":true,"href":"https:\/\/www.egemtv.com\/index.php?rest_route=%2Fwp%2Fv2%2Ftags&post=22161"}],"curies":[{"name":"wp","href":"https:\/\/api.w.org\/{rel}","templated":true}]}}