{"id":22158,"date":"2025-02-24T17:07:46","date_gmt":"2025-02-24T14:07:46","guid":{"rendered":"https:\/\/www.egemtv.com\/?p=22158"},"modified":"2025-02-24T17:07:50","modified_gmt":"2025-02-24T14:07:50","slug":"germencik-yedieylul-mahallesinde-asfaltlama-calismalari-basladi","status":"publish","type":"post","link":"https:\/\/www.egemtv.com\/?p=22158","title":{"rendered":"Germencik Yedieyl\u00fcl Mahallesi\u2019nde asfaltlama \u00e7al\u0131\u015fmalar\u0131 ba\u015flad\u0131"},"content":{"rendered":"<p>Germencik Belediye Ba\u015fkan\u0131 Burak Zencirci Yedieyl\u00fcl Mahallesi\u2019nde asfaltlama \u00e7al\u0131\u015fmalar\u0131n\u0131n ba\u015flat\u0131ld\u0131\u011f\u0131n\u0131 belirterek yol \u00e7al\u0131\u015fmalar\u0131 i\u00e7in Ayd\u0131n B\u00fcy\u00fck\u015fehir Belediye Ba\u015fkan\u0131 \u00d6zlem \u00c7er\u00e7io\u011flu\u2019na te\u015fekk\u00fcr etti.<\/p>\n<p>Germencik Belediye Ba\u015fkan\u0131 Burak Zencirci, Ayd\u0131n B\u00fcy\u00fck\u015fehir Belediyesi Fen \u0130\u015fleri Daire Ba\u015fkanl\u0131\u011f\u0131 taraf\u0131ndan Yedieyl\u00fcl Mahallesi\u2019nde ba\u015flat\u0131lan asfaltlama \u00e7al\u0131\u015fmas\u0131 yerinde inceledi. Ba\u015fkan Zencirci \u00e7al\u0131\u015fmalar\u0131n\u0131n tamamlanmas\u0131n\u0131n ard\u0131ndan Yedieyl\u00fcl Mahallesi sakinlerinin daha konforlu ve g\u00fcvenli yollarla ula\u015f\u0131m sa\u011flayaca\u011f\u0131n\u0131 belirtti. Yol yap\u0131m \u00e7al\u0131\u015fmalar\u0131 i\u00e7in Ayd\u0131n B\u00fcy\u00fck\u015fehir Belediye Ba\u015fkan\u0131 \u00d6zlem \u00c7er\u00e7io\u011flu\u2019na te\u015fekk\u00fcr eden Ba\u015fkan Zencirci, &#8220;Ayd\u0131n B\u00fcy\u00fck\u015fehir Belediyesi Fen \u0130\u015fleri Daire Ba\u015fkanl\u0131\u011f\u0131 taraf\u0131ndan Yedieyl\u00fcl Mahallemizin yollar\u0131nda asfaltlama \u00e7al\u0131\u015fmalar\u0131 ba\u015flad\u0131. Bu \u00f6nemli projede il\u00e7emize ve halk\u0131m\u0131za verdi\u011fi desteklerden dolay\u0131 Ayd\u0131n B\u00fcy\u00fck\u015fehir Belediye Ba\u015fkan\u0131m\u0131z \u00d6zlem \u00c7er\u00e7io\u011flu\u2019na te\u015fekk\u00fcrlerimi sunar\u0131m&#8221; ifadelerini kulland\u0131.<br \/><\/p>\n","protected":false},"excerpt":{"rendered":"<p>Germencik Belediye Ba\u015fkan\u0131 Burak Zencirci Yedieyl\u00fcl Mahallesi\u2019nde asfaltlama \u00e7al\u0131\u015fmalar\u0131n\u0131n ba\u015flat\u0131ld\u0131\u011f\u0131n\u0131 belirterek yol \u00e7al\u0131\u015fmalar\u0131 i\u00e7in Ayd\u0131n B\u00fcy\u00fck\u015fehir Belediye Ba\u015fkan\u0131 \u00d6zlem \u00c7er\u00e7io\u011flu\u2019na te\u015fekk\u00fcr etti. Germencik Belediye Ba\u015fkan\u0131 Burak Zencirci, Ayd\u0131n B\u00fcy\u00fck\u015fehir Belediyesi Fen \u0130\u015fleri Daire Ba\u015fkanl\u0131\u011f\u0131 taraf\u0131ndan Yedieyl\u00fcl Mahallesi\u2019nde ba\u015flat\u0131lan asfaltlama \u00e7al\u0131\u015fmas\u0131 yerinde inceledi. Ba\u015fkan Zencirci \u00e7al\u0131\u015fmalar\u0131n\u0131n tamamlanmas\u0131n\u0131n ard\u0131ndan Yedieyl\u00fcl Mahallesi sakinlerinin daha konforlu ve g\u00fcvenli yollarla&#8230;<\/p>\n","protected":false},"author":1,"featured_media":22159,"comment_status":"open","ping_status":"open","sticky":false,"template":"","format":"standard","meta":{"_crdt_document":"","footnotes":""},"categories":[1],"tags":[],"class_list":["post-22158","post","type-post","status-publish","format-standard","has-post-thumbnail","hentry","category-guncel"],"_links":{"self":[{"href":"https:\/\/www.egemtv.com\/index.php?rest_route=\/wp\/v2\/posts\/22158","targetHints":{"allow":["GET"]}}],"collection":[{"href":"https:\/\/www.egemtv.com\/index.php?rest_route=\/wp\/v2\/posts"}],"about":[{"href":"https:\/\/www.egemtv.com\/index.php?rest_route=\/wp\/v2\/types\/post"}],"author":[{"embeddable":true,"href":"https:\/\/www.egemtv.com\/index.php?rest_route=\/wp\/v2\/users\/1"}],"replies":[{"embeddable":true,"href":"https:\/\/www.egemtv.com\/index.php?rest_route=%2Fwp%2Fv2%2Fcomments&post=22158"}],"version-history":[{"count":1,"href":"https:\/\/www.egemtv.com\/index.php?rest_route=\/wp\/v2\/posts\/22158\/revisions"}],"predecessor-version":[{"id":22160,"href":"https:\/\/www.egemtv.com\/index.php?rest_route=\/wp\/v2\/posts\/22158\/revisions\/22160"}],"wp:featuredmedia":[{"embeddable":true,"href":"https:\/\/www.egemtv.com\/index.php?rest_route=\/wp\/v2\/media\/22159"}],"wp:attachment":[{"href":"https:\/\/www.egemtv.com\/index.php?rest_route=%2Fwp%2Fv2%2Fmedia&parent=22158"}],"wp:term":[{"taxonomy":"category","embeddable":true,"href":"https:\/\/www.egemtv.com\/index.php?rest_route=%2Fwp%2Fv2%2Fcategories&post=22158"},{"taxonomy":"post_tag","embeddable":true,"href":"https:\/\/www.egemtv.com\/index.php?rest_route=%2Fwp%2Fv2%2Ftags&post=22158"}],"curies":[{"name":"wp","href":"https:\/\/api.w.org\/{rel}","templated":true}]}}