{"id":22155,"date":"2025-02-24T16:47:49","date_gmt":"2025-02-24T13:47:49","guid":{"rendered":"https:\/\/www.egemtv.com\/?p=22155"},"modified":"2025-02-24T16:47:53","modified_gmt":"2025-02-24T13:47:53","slug":"basindan-vurulan-dis-hekimi-hayata-tutunamadi","status":"publish","type":"post","link":"https:\/\/www.egemtv.com\/?p=22155","title":{"rendered":"Ba\u015f\u0131ndan vurulan di\u015f hekimi hayata tutunamad\u0131"},"content":{"rendered":"<p>\u0130zmir\u2019in Konak il\u00e7esinde ba\u015f\u0131ndan tabancayla vurulup a\u011f\u0131r yaralanan di\u015f hekimi Mustafa Emrah D\u00fc\u015fmez, ya\u015fam m\u00fccadelesinin 3\u2019\u00fcnc\u00fc g\u00fcn\u00fcnde hayat\u0131n\u0131 kaybetti.<br \/>\n<br \/>Olay, 21 \u015eubat Cuma g\u00fcn\u00fc saat 16.20 s\u0131ralar\u0131nda Alsancak Ali \u00c7etinkaya Bulvar\u0131\u2019nda bulunan bir apartman dairesinde meydana geldi. Edinilen bilgiye g\u00f6re, M.E. (35) di\u015f hekimi Mustafa Emrah D\u00fc\u015fmez\u2019in (49) oturdu\u011fu eve geldi. Aralar\u0131nda alacak mevzusu y\u00fcz\u00fcnden \u00e7\u0131kan tart\u0131\u015fman\u0131n kavgaya d\u00f6n\u00fc\u015ft\u00fc\u011f\u00fc olayda M.E., tabancayla D\u00fc\u015fmez\u2019i ba\u015f\u0131ndan vurdu. Talihsiz adam kanlar i\u00e7erisinde kal\u0131rken, D\u00fc\u015fmez\u2019in telefonunu alan sald\u0131rgan, a\u011f\u0131r yaralad\u0131\u011f\u0131 di\u015f hekiminin videosunu \u00e7ekip annesine g\u00f6nderdi. Daha sonra da olay yerinden uzakla\u015ft\u0131. O\u011flunun kanlar i\u00e7erisindeki videosunu g\u00f6r\u00fcnce hayat\u0131n\u0131n \u015fokunu ya\u015fayan kad\u0131n, durumu polise bildirdi. Olay yerine gelen sa\u011fl\u0131k ekiplerinin yapt\u0131\u011f\u0131 kontrolde a\u011f\u0131r yaral\u0131 Mustafa Emrah D\u00fc\u015fmez, ambulansla Tepecik E\u011fitim Ara\u015ft\u0131rma Hastanesine kald\u0131r\u0131ld\u0131. D\u00fc\u015fmez, doktorlar\u0131n t\u00fcm m\u00fcdahalelerine ra\u011fmen ya\u015fam m\u00fccadelesinin 3\u2019\u00fcnc\u00fc g\u00fcn\u00fcnde hayat\u0131n\u0131 kaybetti.<\/p>\n<p>Tutukland\u0131<br \/>\n<br \/>Olay yerinden ka\u00e7an \u015f\u00fcphelinin yakalanmas\u0131 i\u00e7in Asayi\u015f \u015eube M\u00fcd\u00fcrl\u00fc\u011f\u00fc Cinayet B\u00fcro Amirli\u011fi, Su\u00e7 Analiz Merkezi (SAM) B\u00fcro Amirli\u011fi ve \u0130stihbarat \u015eube M\u00fcd\u00fcrl\u00fc\u011f\u00fc ekipleri taraf\u0131ndan \u00e7al\u0131\u015fma ba\u015flat\u0131ld\u0131. \u015e\u00fcpheli \u015fahs\u0131n Basmane semtinde oldu\u011funu belirleyen polis ekipleri, yap\u0131lan operasyonla firari \u015f\u00fcpheliyi sakland\u0131\u011f\u0131 adreste su\u00e7 aleti tabanca ile birlikte yakalad\u0131. G\u00f6zalt\u0131na al\u0131nan zanl\u0131 i\u015flemleri i\u00e7in emniyete sevk edildi. Polisteki i\u015flemleri tamamlanan M.E. \u00e7\u0131kar\u0131ld\u0131\u011f\u0131 mahkemece tutuklanarak cezaevine g\u00f6nderildi.<\/p>\n<p>&#8220;2 \u00e7ocu\u011fumun biyolojik babas\u0131&#8221;<br \/>\n<br \/>Olayla ilgili g\u00f6zalt\u0131na al\u0131nan M.E.\u2019nin ifadesi ortaya \u00e7\u0131kt\u0131. \u0130ddiaya g\u00f6re, di\u015f hekimi D\u00fc\u015fmez\u2019in 10 y\u0131l \u00f6nce yapt\u0131klar\u0131 ortak i\u015fte kendisini doland\u0131rd\u0131\u011f\u0131n\u0131 ileri s\u00fcren M.E., bu y\u00fczden aralar\u0131nda alacak meselesinden husumet oldu\u011funu s\u00f6yledi. \u00d6te yandan, iddiaya g\u00f6re e\u015finin di\u015f hekimi D\u00fc\u015fmez ile g\u00f6n\u00fcl ili\u015fkisi oldu\u011funu \u00f6\u011frenen M.E. e\u015fiyle 2 y\u0131l \u00f6nce bo\u015fand\u0131. Daha sonra \u015f\u00fcphe \u00fczerine eski e\u015finden olan 2 \u00e7ocu\u011funa DNA testi yapt\u0131ran baba, test sonucunda \u00e7ocuklar\u0131n\u0131n biyolojik babas\u0131n\u0131n D\u00fc\u015fmez oldu\u011funu \u00f6ne s\u00fcrd\u00fc. Bunun \u00fczerine di\u015f hekimi D\u00fc\u015fmez\u2019i oturdu\u011fu evinde vuran M.E., &#8220;Vurdum, h\u0131rs\u0131m\u0131 alamay\u0131p telefonuyla videosunu \u00e7ekip annesine g\u00f6nderdim&#8221; dedi.<br \/><\/p>\n","protected":false},"excerpt":{"rendered":"<p>\u0130zmir\u2019in Konak il\u00e7esinde ba\u015f\u0131ndan tabancayla vurulup a\u011f\u0131r yaralanan di\u015f hekimi Mustafa Emrah D\u00fc\u015fmez, ya\u015fam m\u00fccadelesinin 3\u2019\u00fcnc\u00fc g\u00fcn\u00fcnde hayat\u0131n\u0131 kaybetti. Olay, 21 \u015eubat Cuma g\u00fcn\u00fc saat 16.20 s\u0131ralar\u0131nda Alsancak Ali \u00c7etinkaya Bulvar\u0131\u2019nda bulunan bir apartman dairesinde meydana geldi. Edinilen bilgiye g\u00f6re, M.E. (35) di\u015f hekimi Mustafa Emrah D\u00fc\u015fmez\u2019in (49) oturdu\u011fu eve geldi. Aralar\u0131nda alacak mevzusu y\u00fcz\u00fcnden&#8230;<\/p>\n","protected":false},"author":1,"featured_media":22156,"comment_status":"open","ping_status":"open","sticky":false,"template":"","format":"standard","meta":{"_crdt_document":"","footnotes":""},"categories":[5],"tags":[],"class_list":["post-22155","post","type-post","status-publish","format-standard","has-post-thumbnail","hentry","category-asayis"],"_links":{"self":[{"href":"https:\/\/www.egemtv.com\/index.php?rest_route=\/wp\/v2\/posts\/22155","targetHints":{"allow":["GET"]}}],"collection":[{"href":"https:\/\/www.egemtv.com\/index.php?rest_route=\/wp\/v2\/posts"}],"about":[{"href":"https:\/\/www.egemtv.com\/index.php?rest_route=\/wp\/v2\/types\/post"}],"author":[{"embeddable":true,"href":"https:\/\/www.egemtv.com\/index.php?rest_route=\/wp\/v2\/users\/1"}],"replies":[{"embeddable":true,"href":"https:\/\/www.egemtv.com\/index.php?rest_route=%2Fwp%2Fv2%2Fcomments&post=22155"}],"version-history":[{"count":1,"href":"https:\/\/www.egemtv.com\/index.php?rest_route=\/wp\/v2\/posts\/22155\/revisions"}],"predecessor-version":[{"id":22157,"href":"https:\/\/www.egemtv.com\/index.php?rest_route=\/wp\/v2\/posts\/22155\/revisions\/22157"}],"wp:featuredmedia":[{"embeddable":true,"href":"https:\/\/www.egemtv.com\/index.php?rest_route=\/wp\/v2\/media\/22156"}],"wp:attachment":[{"href":"https:\/\/www.egemtv.com\/index.php?rest_route=%2Fwp%2Fv2%2Fmedia&parent=22155"}],"wp:term":[{"taxonomy":"category","embeddable":true,"href":"https:\/\/www.egemtv.com\/index.php?rest_route=%2Fwp%2Fv2%2Fcategories&post=22155"},{"taxonomy":"post_tag","embeddable":true,"href":"https:\/\/www.egemtv.com\/index.php?rest_route=%2Fwp%2Fv2%2Ftags&post=22155"}],"curies":[{"name":"wp","href":"https:\/\/api.w.org\/{rel}","templated":true}]}}