{"id":22146,"date":"2025-02-24T15:51:39","date_gmt":"2025-02-24T12:51:39","guid":{"rendered":"https:\/\/www.egemtv.com\/?p=22146"},"modified":"2025-02-24T15:51:44","modified_gmt":"2025-02-24T12:51:44","slug":"merkezefendide-2-gunluk-deneme-sinavlari-tamamlandi","status":"publish","type":"post","link":"https:\/\/www.egemtv.com\/?p=22146","title":{"rendered":"Merkezefendi\u2019de 2 g\u00fcnl\u00fck deneme s\u0131navlar\u0131 tamamland\u0131"},"content":{"rendered":"<p>Merkezefendi Belediyesi taraf\u0131ndan \u00fcniversiteye haz\u0131rlanan \u00f6\u011frenciler i\u00e7in d\u00fczenlenen \u00fccretsiz Temel Yeterlilik Testi (TYT) ve Alan Yeterlilik Testi (AYT) deneme s\u0131navlar\u0131n\u0131n \u00fc\u00e7\u00fcnc\u00fcs\u00fc ger\u00e7ekle\u015ftirildi.<br \/>\n<br \/>Merkezefendi Belediyesi e\u011fitime olan desteklerini s\u00fcrd\u00fcr\u00fcyor. Merkezefendi Belediyesi\u2019nce \u00fcniversiteye haz\u0131rlanan \u00f6\u011frencilere y\u00f6nelik \u00fccretsiz TYT ve AYT deneme s\u0131navlar\u0131 d\u00fczenleniyor. Haziran ay\u0131na kadar her ay d\u00fczenli bir \u015fekilde yap\u0131lacak s\u0131navlar\u0131n \u00fc\u00e7\u00fcnc\u00fcs\u00fc ger\u00e7ekle\u015ftirildi. Bereketler Toplant\u0131 ve Sergi Salonu\u2019ndaki s\u0131navlar, iki g\u00fcnde de gen\u00e7lerin kat\u0131l\u0131m\u0131yla tamamland\u0131. 22 ve 23 \u015eubat tarihlerinde yap\u0131lan s\u0131navlar\u0131n sonu\u00e7lar\u0131n\u0131 \u00f6\u011frenmek isteyen \u00f6\u011frenciler, Merkezefendi Belediyesi web sayfas\u0131n\u0131 ziyaret edebilirler. Bir sonraki \u00fccretsiz deneme s\u0131navlar\u0131n\u0131n g\u00fcn\u00fc ve saati ilerleyen g\u00fcnlerde Merkezefendi Belediyesi taraf\u0131ndan duyurulacak.<br \/><\/p>\n","protected":false},"excerpt":{"rendered":"<p>Merkezefendi Belediyesi taraf\u0131ndan \u00fcniversiteye haz\u0131rlanan \u00f6\u011frenciler i\u00e7in d\u00fczenlenen \u00fccretsiz Temel Yeterlilik Testi (TYT) ve Alan Yeterlilik Testi (AYT) deneme s\u0131navlar\u0131n\u0131n \u00fc\u00e7\u00fcnc\u00fcs\u00fc ger\u00e7ekle\u015ftirildi. Merkezefendi Belediyesi e\u011fitime olan desteklerini s\u00fcrd\u00fcr\u00fcyor. Merkezefendi Belediyesi\u2019nce \u00fcniversiteye haz\u0131rlanan \u00f6\u011frencilere y\u00f6nelik \u00fccretsiz TYT ve AYT deneme s\u0131navlar\u0131 d\u00fczenleniyor. Haziran ay\u0131na kadar her ay d\u00fczenli bir \u015fekilde yap\u0131lacak s\u0131navlar\u0131n \u00fc\u00e7\u00fcnc\u00fcs\u00fc ger\u00e7ekle\u015ftirildi. Bereketler Toplant\u0131&#8230;<\/p>\n","protected":false},"author":1,"featured_media":22147,"comment_status":"open","ping_status":"open","sticky":false,"template":"","format":"standard","meta":{"_crdt_document":"","footnotes":""},"categories":[1],"tags":[],"class_list":["post-22146","post","type-post","status-publish","format-standard","has-post-thumbnail","hentry","category-guncel"],"_links":{"self":[{"href":"https:\/\/www.egemtv.com\/index.php?rest_route=\/wp\/v2\/posts\/22146","targetHints":{"allow":["GET"]}}],"collection":[{"href":"https:\/\/www.egemtv.com\/index.php?rest_route=\/wp\/v2\/posts"}],"about":[{"href":"https:\/\/www.egemtv.com\/index.php?rest_route=\/wp\/v2\/types\/post"}],"author":[{"embeddable":true,"href":"https:\/\/www.egemtv.com\/index.php?rest_route=\/wp\/v2\/users\/1"}],"replies":[{"embeddable":true,"href":"https:\/\/www.egemtv.com\/index.php?rest_route=%2Fwp%2Fv2%2Fcomments&post=22146"}],"version-history":[{"count":1,"href":"https:\/\/www.egemtv.com\/index.php?rest_route=\/wp\/v2\/posts\/22146\/revisions"}],"predecessor-version":[{"id":22148,"href":"https:\/\/www.egemtv.com\/index.php?rest_route=\/wp\/v2\/posts\/22146\/revisions\/22148"}],"wp:featuredmedia":[{"embeddable":true,"href":"https:\/\/www.egemtv.com\/index.php?rest_route=\/wp\/v2\/media\/22147"}],"wp:attachment":[{"href":"https:\/\/www.egemtv.com\/index.php?rest_route=%2Fwp%2Fv2%2Fmedia&parent=22146"}],"wp:term":[{"taxonomy":"category","embeddable":true,"href":"https:\/\/www.egemtv.com\/index.php?rest_route=%2Fwp%2Fv2%2Fcategories&post=22146"},{"taxonomy":"post_tag","embeddable":true,"href":"https:\/\/www.egemtv.com\/index.php?rest_route=%2Fwp%2Fv2%2Ftags&post=22146"}],"curies":[{"name":"wp","href":"https:\/\/api.w.org\/{rel}","templated":true}]}}