{"id":22143,"date":"2025-02-24T15:27:47","date_gmt":"2025-02-24T12:27:47","guid":{"rendered":"https:\/\/www.egemtv.com\/?p=22143"},"modified":"2025-02-24T15:27:51","modified_gmt":"2025-02-24T12:27:51","slug":"nazilli-antika-pazarina-kavustu","status":"publish","type":"post","link":"https:\/\/www.egemtv.com\/?p=22143","title":{"rendered":"Nazilli antika pazar\u0131na kavu\u015ftu"},"content":{"rendered":"<p>Nazilli Belediye Ba\u015fkan\u0131 Dr. Ertu\u011frul Tetik, se\u00e7im \u00f6ncesi \u015eirinevler Antika Pazar\u0131\u2019ndaki sat\u0131c\u0131lara uygun yer tahsis edilmesi i\u00e7in verdi\u011fi s\u00f6z\u00fc tutarken, &#8220;Evine ekmek g\u00f6t\u00fcren karde\u015flerimiz i\u00e7in yapt\u0131k&#8221; dedi.<br \/>\n<br \/>Nazilli Belediyesi, \u015eirinevler Mahallesi\u2019nde Pazar g\u00fcnleri at\u0131l durumdaki bo\u015f arazi \u00fczerine kurulan Antika Pazar\u0131 i\u00e7in \u00f6zel alan in\u015fa etti. Yakla\u015f\u0131k 1 y\u0131l \u00f6nce se\u00e7im gezileri s\u0131ras\u0131nda pazaryerini ziyaret eden Ba\u015fkan Tetik, k\u00f6t\u00fc \u015fartlarda para kazanmaya \u00e7al\u0131\u015fan sat\u0131c\u0131lara alan sa\u011flanmas\u0131 gerekti\u011fini dile getirmi\u015f ve se\u00e7ilmesi durumunda bunu ger\u00e7ekle\u015ftirece\u011finin s\u00f6z\u00fcn\u00fc vermi\u015fti. B\u00f6lgedeki sat\u0131c\u0131larla bir araya gelen Nazilli Belediye Ba\u015fkan\u0131 Dr. Ertu\u011frul Tetik, se\u00e7im \u00f6ncesi verdi\u011fi s\u00f6z\u00fc hat\u0131rlatarak, yerine getirmekten b\u00fcy\u00fck mutluluk duydu\u011funu ifade etti.<br \/>\n<br \/>Nazilli halk\u0131 ile el ele vererek \u015fehrin t\u00fcm eksiklerini bir bir tamamlayacaklar\u0131n\u0131 belirten Ba\u015fkan Tetik; &#8220;Mutluyuz \u00e7\u00fcnk\u00fc halk\u0131m\u0131za verdi\u011fimiz bir s\u00f6z\u00fcm\u00fcz\u00fc daha yerine getirdik. Burada sat\u0131\u015f yaparak evine ekmek g\u00f6t\u00fcrmeye \u00e7al\u0131\u015fan halk\u0131m\u0131z\u0131n k\u0131\u015f\u0131n ya\u011fmurdan yaz\u0131n s\u0131caktan bir nebze de olsa kurtulmas\u0131 i\u00e7in bir alan yapt\u0131k. \u015eimdi yerleri payla\u015ft\u0131r\u0131yoruz. Hem al\u0131\u015fveri\u015f yapacak halk\u0131m\u0131z i\u00e7in hem esnaf\u0131m\u0131z i\u00e7in, eve ekmek g\u00f6t\u00fcren emek\u00e7i karde\u015flerimiz i\u00e7in \u00e7ok g\u00fczel bir ortam oldu. Buraya gelenler al\u0131\u015fveri\u015fini yaparken daha uzun s\u00fcre bakabilecek. Biz bundan \u00e7ok mutlu olduk. Dostlar\u0131m\u0131z\u0131n yan\u0131nda yer alm\u0131\u015f olduk. Hizmetlerimiz hep b\u00f6yle devam edecek. Halk\u0131m\u0131zla el ele verdikten sonra Nazilli\u2019de yapmayaca\u011f\u0131m\u0131z i\u015f yok&#8221; dedi.<br \/><\/p>\n","protected":false},"excerpt":{"rendered":"<p>Nazilli Belediye Ba\u015fkan\u0131 Dr. Ertu\u011frul Tetik, se\u00e7im \u00f6ncesi \u015eirinevler Antika Pazar\u0131\u2019ndaki sat\u0131c\u0131lara uygun yer tahsis edilmesi i\u00e7in verdi\u011fi s\u00f6z\u00fc tutarken, &#8220;Evine ekmek g\u00f6t\u00fcren karde\u015flerimiz i\u00e7in yapt\u0131k&#8221; dedi. Nazilli Belediyesi, \u015eirinevler Mahallesi\u2019nde Pazar g\u00fcnleri at\u0131l durumdaki bo\u015f arazi \u00fczerine kurulan Antika Pazar\u0131 i\u00e7in \u00f6zel alan in\u015fa etti. Yakla\u015f\u0131k 1 y\u0131l \u00f6nce se\u00e7im gezileri s\u0131ras\u0131nda pazaryerini ziyaret&#8230;<\/p>\n","protected":false},"author":1,"featured_media":22144,"comment_status":"open","ping_status":"open","sticky":false,"template":"","format":"standard","meta":{"_crdt_document":"","footnotes":""},"categories":[1],"tags":[],"class_list":["post-22143","post","type-post","status-publish","format-standard","has-post-thumbnail","hentry","category-guncel"],"_links":{"self":[{"href":"https:\/\/www.egemtv.com\/index.php?rest_route=\/wp\/v2\/posts\/22143","targetHints":{"allow":["GET"]}}],"collection":[{"href":"https:\/\/www.egemtv.com\/index.php?rest_route=\/wp\/v2\/posts"}],"about":[{"href":"https:\/\/www.egemtv.com\/index.php?rest_route=\/wp\/v2\/types\/post"}],"author":[{"embeddable":true,"href":"https:\/\/www.egemtv.com\/index.php?rest_route=\/wp\/v2\/users\/1"}],"replies":[{"embeddable":true,"href":"https:\/\/www.egemtv.com\/index.php?rest_route=%2Fwp%2Fv2%2Fcomments&post=22143"}],"version-history":[{"count":1,"href":"https:\/\/www.egemtv.com\/index.php?rest_route=\/wp\/v2\/posts\/22143\/revisions"}],"predecessor-version":[{"id":22145,"href":"https:\/\/www.egemtv.com\/index.php?rest_route=\/wp\/v2\/posts\/22143\/revisions\/22145"}],"wp:featuredmedia":[{"embeddable":true,"href":"https:\/\/www.egemtv.com\/index.php?rest_route=\/wp\/v2\/media\/22144"}],"wp:attachment":[{"href":"https:\/\/www.egemtv.com\/index.php?rest_route=%2Fwp%2Fv2%2Fmedia&parent=22143"}],"wp:term":[{"taxonomy":"category","embeddable":true,"href":"https:\/\/www.egemtv.com\/index.php?rest_route=%2Fwp%2Fv2%2Fcategories&post=22143"},{"taxonomy":"post_tag","embeddable":true,"href":"https:\/\/www.egemtv.com\/index.php?rest_route=%2Fwp%2Fv2%2Ftags&post=22143"}],"curies":[{"name":"wp","href":"https:\/\/api.w.org\/{rel}","templated":true}]}}