{"id":22140,"date":"2025-02-24T15:27:42","date_gmt":"2025-02-24T12:27:42","guid":{"rendered":"https:\/\/www.egemtv.com\/?p=22140"},"modified":"2025-02-24T15:27:46","modified_gmt":"2025-02-24T12:27:46","slug":"turkiye-genelinde-kar-izmirde-gunes-etkili-oldu","status":"publish","type":"post","link":"https:\/\/www.egemtv.com\/?p=22140","title":{"rendered":"T\u00fcrkiye genelinde kar, \u0130zmir\u2019de g\u00fcne\u015f etkili oldu"},"content":{"rendered":"<p>T\u00fcrkiye\u2019nin \u00e7e\u015fitli b\u00f6lgelerinde kar ya\u011f\u0131\u015f\u0131 etkili olurken, \u0130zmir\u2019de g\u00fcne\u015fin kendini g\u00f6stermesiyle birlikte vatanda\u015flar \u015fehrin en g\u00f6zde alanlar\u0131ndan biri olan Kordon\u2019a ak\u0131n etti. Baz\u0131 vatanda\u015flar deniz kenar\u0131nda y\u00fcr\u00fcmeyi tercih ederken, baz\u0131lar\u0131 da \u00e7imlerde oturarak g\u00fcne\u015fli havan\u0131n tad\u0131n\u0131 \u00e7\u0131kartt\u0131.<br \/>\n<br \/>T\u00fcrkiye\u2019nin bir\u00e7ok noktas\u0131nda kar ve dondurucu so\u011fuk etkili olurken, bug\u00fcn s\u0131cakl\u0131\u011f\u0131n 7 dereceye ula\u015ft\u0131\u011f\u0131 \u0130zmir\u2019de vatanda\u015flar g\u00fcne\u015fli havan\u0131n tad\u0131n\u0131 \u00e7\u0131kard\u0131. \u015eubat ay\u0131n\u0131n son g\u00fcnlerinde so\u011fuk hava dalgas\u0131n\u0131n etkili oldu\u011fu kentte g\u00fcne\u015fli havay\u0131 de\u011ferlendiren vatanda\u015flar, \u0130zmir\u2019in en g\u00f6zde yerlerinden biri olan Kordon\u2019da ye\u015fil alanlara ilgi g\u00f6sterdi. Baz\u0131 vatanda\u015flar sahil \u015feridinde y\u00fcr\u00fcy\u00fc\u015f yaparken, baz\u0131lar\u0131 da \u00e7imlerde oturmay\u0131 tercih etti. Kimi vatanda\u015flar ise sahil boyunca bisiklet s\u00fcrd\u00fc. O anlar havadan g\u00f6r\u00fcnt\u00fclendi.<\/p>\n<p>&#8220;Hayat\u0131mda hi\u00e7 kar g\u00f6rmedim&#8221;<br \/>\n<br \/>Arkada\u015f\u0131yla birlikte Kordon\u2019da y\u00fcr\u00fcy\u00fc\u015fe \u00e7\u0131kan Do\u011fa Kaya, &#8220;Hava g\u00fcne\u015fli ama so\u011fuk da etkili. Tam foto\u011fraf \u00e7ekilmelik bir hava var. \u0130zmir\u2019de ya\u015fad\u0131\u011f\u0131m i\u00e7in hayat\u0131mda hi\u00e7 kar g\u00f6rmedim. Ama g\u00f6rmeyi \u00e7ok isterdim&#8221; diye konu\u015ftu.<\/p>\n<p>&#8220;Evim \u0130stanbul\u2019da ama \u0130zmir\u2019den d\u00f6nmek istemiyorum&#8221;<br \/>\n<br \/>\u0130stanbul\u2019dan \u0130zmir\u2019e ailesini ziyaret etmek i\u00e7in gelen Selin Temizy\u00fcrek ise &#8220;\u0130zmir\u2019in havas\u0131 cennet gibi geliyor. Evim \u0130stanbul\u2019da ama so\u011fuk sebebiyle oraya d\u00f6nmek istemiyorum. \u0130zmir\u2019de ya\u015famak b\u00fcy\u00fck bir \u015fans. Bir insan\u0131n hayat\u0131n\u0131n belirli bir b\u00f6l\u00fcm\u00fcn\u00fc \u0130zmir\u2019de ge\u00e7irmesi gerekti\u011fini d\u00fc\u015f\u00fcn\u00fcyorum&#8221; ifadelerine yer verdi.<br \/><\/p>\n","protected":false},"excerpt":{"rendered":"<p>T\u00fcrkiye\u2019nin \u00e7e\u015fitli b\u00f6lgelerinde kar ya\u011f\u0131\u015f\u0131 etkili olurken, \u0130zmir\u2019de g\u00fcne\u015fin kendini g\u00f6stermesiyle birlikte vatanda\u015flar \u015fehrin en g\u00f6zde alanlar\u0131ndan biri olan Kordon\u2019a ak\u0131n etti. Baz\u0131 vatanda\u015flar deniz kenar\u0131nda y\u00fcr\u00fcmeyi tercih ederken, baz\u0131lar\u0131 da \u00e7imlerde oturarak g\u00fcne\u015fli havan\u0131n tad\u0131n\u0131 \u00e7\u0131kartt\u0131. T\u00fcrkiye\u2019nin bir\u00e7ok noktas\u0131nda kar ve dondurucu so\u011fuk etkili olurken, bug\u00fcn s\u0131cakl\u0131\u011f\u0131n 7 dereceye ula\u015ft\u0131\u011f\u0131 \u0130zmir\u2019de vatanda\u015flar g\u00fcne\u015fli havan\u0131n&#8230;<\/p>\n","protected":false},"author":1,"featured_media":22141,"comment_status":"open","ping_status":"open","sticky":false,"template":"","format":"standard","meta":{"_crdt_document":"","footnotes":""},"categories":[1],"tags":[],"class_list":["post-22140","post","type-post","status-publish","format-standard","has-post-thumbnail","hentry","category-guncel"],"_links":{"self":[{"href":"https:\/\/www.egemtv.com\/index.php?rest_route=\/wp\/v2\/posts\/22140","targetHints":{"allow":["GET"]}}],"collection":[{"href":"https:\/\/www.egemtv.com\/index.php?rest_route=\/wp\/v2\/posts"}],"about":[{"href":"https:\/\/www.egemtv.com\/index.php?rest_route=\/wp\/v2\/types\/post"}],"author":[{"embeddable":true,"href":"https:\/\/www.egemtv.com\/index.php?rest_route=\/wp\/v2\/users\/1"}],"replies":[{"embeddable":true,"href":"https:\/\/www.egemtv.com\/index.php?rest_route=%2Fwp%2Fv2%2Fcomments&post=22140"}],"version-history":[{"count":1,"href":"https:\/\/www.egemtv.com\/index.php?rest_route=\/wp\/v2\/posts\/22140\/revisions"}],"predecessor-version":[{"id":22142,"href":"https:\/\/www.egemtv.com\/index.php?rest_route=\/wp\/v2\/posts\/22140\/revisions\/22142"}],"wp:featuredmedia":[{"embeddable":true,"href":"https:\/\/www.egemtv.com\/index.php?rest_route=\/wp\/v2\/media\/22141"}],"wp:attachment":[{"href":"https:\/\/www.egemtv.com\/index.php?rest_route=%2Fwp%2Fv2%2Fmedia&parent=22140"}],"wp:term":[{"taxonomy":"category","embeddable":true,"href":"https:\/\/www.egemtv.com\/index.php?rest_route=%2Fwp%2Fv2%2Fcategories&post=22140"},{"taxonomy":"post_tag","embeddable":true,"href":"https:\/\/www.egemtv.com\/index.php?rest_route=%2Fwp%2Fv2%2Ftags&post=22140"}],"curies":[{"name":"wp","href":"https:\/\/api.w.org\/{rel}","templated":true}]}}