{"id":22137,"date":"2025-02-24T15:27:37","date_gmt":"2025-02-24T12:27:37","guid":{"rendered":"https:\/\/www.egemtv.com\/?p=22137"},"modified":"2025-02-24T15:27:42","modified_gmt":"2025-02-24T12:27:42","slug":"turgutlu-belediyesinden-memur-ve-kadrolu-iscilerine-promosyon-mujdesi","status":"publish","type":"post","link":"https:\/\/www.egemtv.com\/?p=22137","title":{"rendered":"Turgutlu Belediyesinden memur ve kadrolu i\u015f\u00e7ilerine promosyon m\u00fcjdesi"},"content":{"rendered":"<p>Turgutlu Belediyesi ile Halk Bankas\u0131 aras\u0131nda maa\u015f protokol\u00fc imzaland\u0131. Protokol kapsam\u0131nda, belediye b\u00fcnyesinde g\u00f6rev yapan memur, s\u00f6zle\u015fmeli memur ve kadrolu i\u015f\u00e7iler, maa\u015flar\u0131n\u0131 \u00fc\u00e7 y\u0131l boyunca Halk Bankas\u0131\u2019ndan alacak. Banka taraf\u0131ndan personele 79 bin 250 TL promosyon \u00fccreti \u00f6denecek.<br \/>\n<br \/>Turgutlu Belediyesi ile Halk Bankas\u0131 aras\u0131nda imzalanan maa\u015f protokol\u00fc kapsam\u0131nda, belediye personeline 79 bin 250 TL promosyon \u00f6demesi yap\u0131lacak. \u00dc\u00e7 y\u0131l ge\u00e7erli olacak protokol, memur, s\u00f6zle\u015fmeli memur ve kadrolu i\u015f\u00e7ileri kapsayacak. Turgutlu Belediyesinde ger\u00e7ekle\u015fen imza t\u00f6reninde, Belediye Ba\u015fkanvekili \u00c7a\u011fdan Erim ve Halk Bankas\u0131 \u015eube M\u00fcd\u00fcr\u00fc Yavuz G\u00fcrcan taraf\u0131ndan protokol imzaland\u0131. T\u00f6rene Belediye Ba\u015fkan Yard\u0131mc\u0131s\u0131 H\u00fcseyin Maliz ve daire m\u00fcd\u00fcrleri de kat\u0131ld\u0131.<br \/>\n<br \/>Protokol\u00fcn belediye \u00e7al\u0131\u015fanlar\u0131na hay\u0131rl\u0131 olmas\u0131n\u0131 dileyen Turgutlu Belediye Ba\u015fkan\u0131 \u00c7etin Ak\u0131n, &#8220;Belediyemiz b\u00fcnyesinde \u00e7al\u0131\u015fan memur, s\u00f6zle\u015fmeli memur ve kadrolu i\u015f\u00e7ilerimizin maa\u015flar\u0131n\u0131 3 y\u0131l s\u00fcreyle almalar\u0131yla ilgili g\u00f6r\u00fc\u015fmelerimizi ger\u00e7ekle\u015ftirdik. Halk Bankas\u0131 ile imzalam\u0131\u015f oldu\u011fumuz yeni protokol\u00fcn mesai arkada\u015flar\u0131m\u0131za hay\u0131rl\u0131 olmas\u0131n\u0131 diler, \u00f6denecek olan 79 bin 250 TL promosyon \u00fccretlerini sa\u011fl\u0131kl\u0131 g\u00fcnlerde harcamalar\u0131n\u0131 temenni ederim&#8221; dedi.<br \/><\/p>\n","protected":false},"excerpt":{"rendered":"<p>Turgutlu Belediyesi ile Halk Bankas\u0131 aras\u0131nda maa\u015f protokol\u00fc imzaland\u0131. Protokol kapsam\u0131nda, belediye b\u00fcnyesinde g\u00f6rev yapan memur, s\u00f6zle\u015fmeli memur ve kadrolu i\u015f\u00e7iler, maa\u015flar\u0131n\u0131 \u00fc\u00e7 y\u0131l boyunca Halk Bankas\u0131\u2019ndan alacak. Banka taraf\u0131ndan personele 79 bin 250 TL promosyon \u00fccreti \u00f6denecek. Turgutlu Belediyesi ile Halk Bankas\u0131 aras\u0131nda imzalanan maa\u015f protokol\u00fc kapsam\u0131nda, belediye personeline 79 bin 250 TL promosyon&#8230;<\/p>\n","protected":false},"author":1,"featured_media":22138,"comment_status":"open","ping_status":"open","sticky":false,"template":"","format":"standard","meta":{"_crdt_document":"","footnotes":""},"categories":[125],"tags":[],"class_list":["post-22137","post","type-post","status-publish","format-standard","has-post-thumbnail","hentry","category-ekonomi"],"_links":{"self":[{"href":"https:\/\/www.egemtv.com\/index.php?rest_route=\/wp\/v2\/posts\/22137","targetHints":{"allow":["GET"]}}],"collection":[{"href":"https:\/\/www.egemtv.com\/index.php?rest_route=\/wp\/v2\/posts"}],"about":[{"href":"https:\/\/www.egemtv.com\/index.php?rest_route=\/wp\/v2\/types\/post"}],"author":[{"embeddable":true,"href":"https:\/\/www.egemtv.com\/index.php?rest_route=\/wp\/v2\/users\/1"}],"replies":[{"embeddable":true,"href":"https:\/\/www.egemtv.com\/index.php?rest_route=%2Fwp%2Fv2%2Fcomments&post=22137"}],"version-history":[{"count":1,"href":"https:\/\/www.egemtv.com\/index.php?rest_route=\/wp\/v2\/posts\/22137\/revisions"}],"predecessor-version":[{"id":22139,"href":"https:\/\/www.egemtv.com\/index.php?rest_route=\/wp\/v2\/posts\/22137\/revisions\/22139"}],"wp:featuredmedia":[{"embeddable":true,"href":"https:\/\/www.egemtv.com\/index.php?rest_route=\/wp\/v2\/media\/22138"}],"wp:attachment":[{"href":"https:\/\/www.egemtv.com\/index.php?rest_route=%2Fwp%2Fv2%2Fmedia&parent=22137"}],"wp:term":[{"taxonomy":"category","embeddable":true,"href":"https:\/\/www.egemtv.com\/index.php?rest_route=%2Fwp%2Fv2%2Fcategories&post=22137"},{"taxonomy":"post_tag","embeddable":true,"href":"https:\/\/www.egemtv.com\/index.php?rest_route=%2Fwp%2Fv2%2Ftags&post=22137"}],"curies":[{"name":"wp","href":"https:\/\/api.w.org\/{rel}","templated":true}]}}