{"id":22134,"date":"2025-02-24T15:07:12","date_gmt":"2025-02-24T12:07:12","guid":{"rendered":"https:\/\/www.egemtv.com\/?p=22134"},"modified":"2025-02-24T15:07:14","modified_gmt":"2025-02-24T12:07:14","slug":"kabe-aski-engel-tanimadi","status":"publish","type":"post","link":"https:\/\/www.egemtv.com\/?p=22134","title":{"rendered":"Kabe a\u015fk\u0131 engel tan\u0131mad\u0131"},"content":{"rendered":"<p>Do\u011fu\u015ftan y\u00fcr\u00fcme engelli olan G\u00f6rdesli Osman \u00c7olak anne ve babas\u0131yla birlikte tekerlekli sandalyesiyle Umre ziyareti ger\u00e7ekle\u015ftirmenin mutlulu\u011funu ya\u015f\u0131yor.<br \/>\n<br \/>Manisa\u2019n\u0131n G\u00f6rdes il\u00e7esinden 68 ya\u015f\u0131ndaki Annesi Zehra ve 71 ya\u015f\u0131ndaki Babas\u0131 Nuri \u00c7olak ile birlikte umre ibadeti i\u00e7in kutsal topraklara giden do\u011fu\u015ftan y\u00fcr\u00fcme engelli 39 ya\u015f\u0131ndaki Osman \u00c7olak, en b\u00fcy\u00fck hayali olan Kabe\u2019yi g\u00f6rmenin mutlulu\u011funu ya\u015f\u0131yor.<br \/>\n<br \/>G\u00f6rdes\u2019ten 40 ki\u015filik kafile ile umre ibadeti i\u00e7in y\u00fcr\u00fcme engeline ra\u011fmen anne ve babas\u0131 ile Mekke\u2019ye giden Osman \u00c7olak, 17 g\u00fcn Mekke\u2019de bulundu. Bu s\u00fcre zarf\u0131nda tekerlekli sandalye ile 3 kere umre yapan \u00c7olak, M\u00fcsl\u00fcmanlarca k\u0131ble kabul edilen Kabe\u2019yi g\u00f6rebilmenin mutlulu\u011funu ya\u015fad\u0131. \u0130nsan\u0131n \u00f6mr\u00fcnde bir defa olsun umre yapmas\u0131n\u0131n s\u00fcnnet oldu\u011funu dile getiren \u00c7olak, &#8220;Allah\u2019\u0131n evi olan Kabe\u2019yi g\u00f6rmeyi \u00e7ok istiyordum. \u00c7ok \u015f\u00fck\u00fcr bana nasip oldu. Tekerlekli sandalye ile 3 kere umre yapt\u0131m. Bana destek olan anne ve babama \u00e7ok te\u015fekk\u00fcr ediyorum. Oras\u0131 \u00e7ok g\u00fczel. Allah herkese nasip etsin&#8221; \u015feklinde konu\u015ftu.<br \/><\/p>\n","protected":false},"excerpt":{"rendered":"<p>Do\u011fu\u015ftan y\u00fcr\u00fcme engelli olan G\u00f6rdesli Osman \u00c7olak anne ve babas\u0131yla birlikte tekerlekli sandalyesiyle Umre ziyareti ger\u00e7ekle\u015ftirmenin mutlulu\u011funu ya\u015f\u0131yor. Manisa\u2019n\u0131n G\u00f6rdes il\u00e7esinden 68 ya\u015f\u0131ndaki Annesi Zehra ve 71 ya\u015f\u0131ndaki Babas\u0131 Nuri \u00c7olak ile birlikte umre ibadeti i\u00e7in kutsal topraklara giden do\u011fu\u015ftan y\u00fcr\u00fcme engelli 39 ya\u015f\u0131ndaki Osman \u00c7olak, en b\u00fcy\u00fck hayali olan Kabe\u2019yi g\u00f6rmenin mutlulu\u011funu ya\u015f\u0131yor. G\u00f6rdes\u2019ten&#8230;<\/p>\n","protected":false},"author":1,"featured_media":22135,"comment_status":"open","ping_status":"open","sticky":false,"template":"","format":"standard","meta":{"_crdt_document":"","footnotes":""},"categories":[123],"tags":[],"class_list":["post-22134","post","type-post","status-publish","format-standard","has-post-thumbnail","hentry","category-gundem"],"_links":{"self":[{"href":"https:\/\/www.egemtv.com\/index.php?rest_route=\/wp\/v2\/posts\/22134","targetHints":{"allow":["GET"]}}],"collection":[{"href":"https:\/\/www.egemtv.com\/index.php?rest_route=\/wp\/v2\/posts"}],"about":[{"href":"https:\/\/www.egemtv.com\/index.php?rest_route=\/wp\/v2\/types\/post"}],"author":[{"embeddable":true,"href":"https:\/\/www.egemtv.com\/index.php?rest_route=\/wp\/v2\/users\/1"}],"replies":[{"embeddable":true,"href":"https:\/\/www.egemtv.com\/index.php?rest_route=%2Fwp%2Fv2%2Fcomments&post=22134"}],"version-history":[{"count":1,"href":"https:\/\/www.egemtv.com\/index.php?rest_route=\/wp\/v2\/posts\/22134\/revisions"}],"predecessor-version":[{"id":22136,"href":"https:\/\/www.egemtv.com\/index.php?rest_route=\/wp\/v2\/posts\/22134\/revisions\/22136"}],"wp:featuredmedia":[{"embeddable":true,"href":"https:\/\/www.egemtv.com\/index.php?rest_route=\/wp\/v2\/media\/22135"}],"wp:attachment":[{"href":"https:\/\/www.egemtv.com\/index.php?rest_route=%2Fwp%2Fv2%2Fmedia&parent=22134"}],"wp:term":[{"taxonomy":"category","embeddable":true,"href":"https:\/\/www.egemtv.com\/index.php?rest_route=%2Fwp%2Fv2%2Fcategories&post=22134"},{"taxonomy":"post_tag","embeddable":true,"href":"https:\/\/www.egemtv.com\/index.php?rest_route=%2Fwp%2Fv2%2Ftags&post=22134"}],"curies":[{"name":"wp","href":"https:\/\/api.w.org\/{rel}","templated":true}]}}