{"id":22131,"date":"2025-02-24T15:07:05","date_gmt":"2025-02-24T12:07:05","guid":{"rendered":"https:\/\/www.egemtv.com\/?p=22131"},"modified":"2025-02-24T15:07:12","modified_gmt":"2025-02-24T12:07:12","slug":"mugla-buyuksehir-sporcusu-hazal-burunlu-milli-takim-avrupa-ikincisi-oldu","status":"publish","type":"post","link":"https:\/\/www.egemtv.com\/?p=22131","title":{"rendered":"Mu\u011fla B\u00fcy\u00fck\u015fehir sporcusu Hazal Burun\u2019lu Milli tak\u0131m Avrupa ikincisi oldu"},"content":{"rendered":"<p>17-23 \u015eubat 2025 tarihleri aras\u0131nda Samsun \u0130lkad\u0131m Ok\u00e7uluk Tesisleri\u2019nde d\u00fczenlenen  2025 Avrupa Salon Ok\u00e7uluk \u015eampiyonas\u0131 sona erdi. \u0130lkad\u0131m Ok\u00e7uluk Tesisleri\u2019nde ger\u00e7ekle\u015ftirilen \u015fampiyonada, 25 \u00fclkeden yakla\u015f\u0131k 300 sporcu m\u00fccadele etti.<br \/>\n<br \/>Avrupa Salon Ok\u00e7uluk \u015eampiyonas\u0131\u2019nda Mu\u011fla B\u00fcy\u00fck\u015fehir Belediyesi sporcusu Hazal Burun\u2019un yer ald\u0131\u011f\u0131 Makaral\u0131 Yay Ok\u00e7uluk Kad\u0131n tak\u0131m\u0131 Avrupa \u0130kincisi olarak g\u00fcm\u00fc\u015f madalya kazand\u0131. Makaral\u0131 Yay Ok\u00e7uluk Kad\u0131n tak\u0131m\u0131 Hazal Burun, Ay\u015fe Bera S\u00fczer ve Emine Rabia O\u011fuz\u2019dan olu\u015ftu. Ayn\u0131 \u015fampiyonada Mete Gazoz, Klasik Yay Erkekler Bireysel kategorisinde g\u00fcm\u00fc\u015f madalya kazand\u0131.<br \/>\n<br \/>Mu\u011fla B\u00fcy\u00fck\u015fehir Belediyesi Spor Kul\u00fcb\u00fc Antren\u00f6r\u00fc ve ayn\u0131 zamanda Avrupa Salon Ok\u00e7uluk \u015eampiyonas\u0131\u2019nda Milli Tak\u0131mda da Antren\u00f6rl\u00fck yapan Dr. Ejder S\u00f6zen sporda \u00e7al\u0131\u015fman\u0131n, istikrar\u0131n \u00f6nemli oldu\u011funu s\u00f6yledi ve Avrupa \u0130kincisi olan sporcular\u0131 ile gurur duyduklar\u0131n\u0131 belirtti.<br \/>\n<br \/>Ba\u015fkan Aras sporcular\u0131 ve antren\u00f6r Ejder S\u00f6zen\u2019i kutlad\u0131<br \/>\n<br \/>K\u0131y\u0131 Ege Belediyeler Birli\u011fi ve Mu\u011fla B\u00fcy\u00fck\u015fehir Belediye Ba\u015fkan\u0131 Ahmet Aras Milli Tak\u0131m\u2019da Avrupa ikincisi olan Hazal Burun ve tak\u0131m arkada\u015flar\u0131n\u0131 kutlad\u0131.  Ba\u015fkan Aras &#8220;\u00dclkemizde ger\u00e7ekle\u015ftirilen Avrupa Salon Ok\u00e7uluk \u015eampiyonas\u0131\u2019nda Milli formam\u0131zla ba\u015far\u0131l\u0131 sonu\u00e7lar alarak Avrupa ikincisi olan B\u00fcy\u00fck\u015fehir Belediyemizin sporcusu Hazal Burun\u2019u ve tak\u0131m arkada\u015flar\u0131n\u0131 tebrik ediyorum. Bizleri, Mu\u011flam\u0131z\u0131 ve \u00fclkemize b\u00fcy\u00fck bir gurur ya\u015fatt\u0131lar. Ayr\u0131ca B\u00fcy\u00fck\u015fehir Belediyemiz b\u00fcnyesinde ba\u015far\u0131l\u0131 ok\u00e7ular yeti\u015fmesine \u00f6nc\u00fcl\u00fck eden, bu ba\u015far\u0131lar ile Milli tak\u0131m antren\u00f6r\u00fc olarak Avrupa \u015eampiyonas\u0131\u2019nda g\u00f6rev alan \u00e7ok de\u011ferli hocam\u0131z Dr. Ejder S\u00f6zen\u2019i de kutluyorum. B\u00fcy\u00fck\u015fehir Belediyesi olarak spora, sporcuya destek vermeye, ulusal ve uluslararas\u0131 turnuvalara damga vurmaya devam edece\u011fiz&#8221; dedi.<br \/><\/p>\n","protected":false},"excerpt":{"rendered":"<p>17-23 \u015eubat 2025 tarihleri aras\u0131nda Samsun \u0130lkad\u0131m Ok\u00e7uluk Tesisleri\u2019nde d\u00fczenlenen 2025 Avrupa Salon Ok\u00e7uluk \u015eampiyonas\u0131 sona erdi. \u0130lkad\u0131m Ok\u00e7uluk Tesisleri\u2019nde ger\u00e7ekle\u015ftirilen \u015fampiyonada, 25 \u00fclkeden yakla\u015f\u0131k 300 sporcu m\u00fccadele etti. Avrupa Salon Ok\u00e7uluk \u015eampiyonas\u0131\u2019nda Mu\u011fla B\u00fcy\u00fck\u015fehir Belediyesi sporcusu Hazal Burun\u2019un yer ald\u0131\u011f\u0131 Makaral\u0131 Yay Ok\u00e7uluk Kad\u0131n tak\u0131m\u0131 Avrupa \u0130kincisi olarak g\u00fcm\u00fc\u015f madalya kazand\u0131. Makaral\u0131 Yay Ok\u00e7uluk&#8230;<\/p>\n","protected":false},"author":1,"featured_media":22132,"comment_status":"open","ping_status":"open","sticky":false,"template":"","format":"standard","meta":{"_crdt_document":"","footnotes":""},"categories":[4],"tags":[],"class_list":["post-22131","post","type-post","status-publish","format-standard","has-post-thumbnail","hentry","category-spor"],"_links":{"self":[{"href":"https:\/\/www.egemtv.com\/index.php?rest_route=\/wp\/v2\/posts\/22131","targetHints":{"allow":["GET"]}}],"collection":[{"href":"https:\/\/www.egemtv.com\/index.php?rest_route=\/wp\/v2\/posts"}],"about":[{"href":"https:\/\/www.egemtv.com\/index.php?rest_route=\/wp\/v2\/types\/post"}],"author":[{"embeddable":true,"href":"https:\/\/www.egemtv.com\/index.php?rest_route=\/wp\/v2\/users\/1"}],"replies":[{"embeddable":true,"href":"https:\/\/www.egemtv.com\/index.php?rest_route=%2Fwp%2Fv2%2Fcomments&post=22131"}],"version-history":[{"count":1,"href":"https:\/\/www.egemtv.com\/index.php?rest_route=\/wp\/v2\/posts\/22131\/revisions"}],"predecessor-version":[{"id":22133,"href":"https:\/\/www.egemtv.com\/index.php?rest_route=\/wp\/v2\/posts\/22131\/revisions\/22133"}],"wp:featuredmedia":[{"embeddable":true,"href":"https:\/\/www.egemtv.com\/index.php?rest_route=\/wp\/v2\/media\/22132"}],"wp:attachment":[{"href":"https:\/\/www.egemtv.com\/index.php?rest_route=%2Fwp%2Fv2%2Fmedia&parent=22131"}],"wp:term":[{"taxonomy":"category","embeddable":true,"href":"https:\/\/www.egemtv.com\/index.php?rest_route=%2Fwp%2Fv2%2Fcategories&post=22131"},{"taxonomy":"post_tag","embeddable":true,"href":"https:\/\/www.egemtv.com\/index.php?rest_route=%2Fwp%2Fv2%2Ftags&post=22131"}],"curies":[{"name":"wp","href":"https:\/\/api.w.org\/{rel}","templated":true}]}}