{"id":22125,"date":"2025-02-24T14:29:44","date_gmt":"2025-02-24T11:29:44","guid":{"rendered":"https:\/\/www.egemtv.com\/?p=22125"},"modified":"2025-02-24T14:29:48","modified_gmt":"2025-02-24T11:29:48","slug":"baskan-cercioglu-aydinlilari-doga-yuruyusleri-ile-bulusturmaya-devam-ediyor","status":"publish","type":"post","link":"https:\/\/www.egemtv.com\/?p=22125","title":{"rendered":"Ba\u015fkan \u00c7er\u00e7io\u011flu Ayd\u0131nl\u0131lar\u0131 do\u011fa y\u00fcr\u00fcy\u00fc\u015fleri ile bulu\u015fturmaya devam ediyor"},"content":{"rendered":"<p>Ayd\u0131n B\u00fcy\u00fck\u015fehir Belediyesi, kentin tarih, k\u00fclt\u00fcr ve do\u011fa rotalar\u0131nda d\u00fczenledi\u011fi y\u00fcr\u00fcy\u00fc\u015flere devam ediyor.<\/p>\n<p>Ayd\u0131n B\u00fcy\u00fck\u015fehir Belediyesi, Ayd\u0131n\u2019\u0131n tarihi ve do\u011fal g\u00fczellikleri aras\u0131nda d\u00fczenledi\u011fi \u2019Trekking Ayd\u0131n\u2019 etkinliklerini vatanda\u015flar ile bulu\u015fturmay\u0131 s\u00fcrd\u00fcr\u00fcyor. Ayd\u0131nl\u0131 do\u011faseverlerin ve sporcular\u0131n yo\u011fun ilgi g\u00f6sterdi\u011fi y\u00fcr\u00fcy\u00fc\u015flerin bu seferki rotas\u0131 S\u00f6ke il\u00e7esine ba\u011fl\u0131 Ser\u00e7in Mahallesi oldu. Ziyaret\u00e7iler Ser\u00e7in\u2019de bir taraftan do\u011fa y\u00fcr\u00fcy\u00fc\u015f\u00fc yap\u0131p bir taraftan da Bafa G\u00f6l\u00fc\u2019ndeki ku\u015flar\u0131 g\u00f6zlemledi. Y\u00fcr\u00fcy\u00fc\u015fe kat\u0131lan vatanda\u015flara B\u00fcy\u00fck\u015fehir Belediyesi Ser\u00e7in Ekoturizm Merkezi personelleri de e\u015flik etti, do\u011fa hakk\u0131nda bilgi verdi.<\/p>\n<p>B\u00fcy\u00fck\u015fehir Belediyesi taraf\u0131ndan Bafa G\u00f6l\u00fc Tabiat Park\u0131 ile Ser\u00e7in Mahallesi\u2019nin de\u011ferlerinin korunmas\u0131 i\u00e7in a\u00e7\u0131l\u0131\u015f\u0131 ger\u00e7ekle\u015ftirilen Ser\u00e7in Ekoturizm Merkezi, yerli ve yabanc\u0131 turistler i\u00e7in u\u011frak nokta olmay\u0131 s\u00fcrd\u00fcr\u00fcyor. 80\u2019e yak\u0131n bitki familyas\u0131n\u0131n yan\u0131 s\u0131ra 261 ku\u015f, 22 s\u00fcr\u00fcngen ve 19 memeli t\u00fcr\u00fcn\u00fcn ya\u015fad\u0131\u011f\u0131 b\u00f6lge B\u00fcy\u00fck\u015fehir Belediyesi\u2019nin \u00e7al\u0131\u015fmalar\u0131 ve korunmu\u015f do\u011fas\u0131 ile \u00f6n plana \u00e7\u0131k\u0131yor.<\/p>\n<p>Y\u00fcr\u00fcy\u00fc\u015fe kat\u0131lan do\u011faseverler ve sporcular, kendilerini Ayd\u0131n\u2019\u0131n tarihi ve do\u011fal g\u00fczellikleri ile bulu\u015fturan Ba\u015fkan \u00c7er\u00e7io\u011flu\u2019na te\u015fekk\u00fcr etti.<br \/><\/p>\n","protected":false},"excerpt":{"rendered":"<p>Ayd\u0131n B\u00fcy\u00fck\u015fehir Belediyesi, kentin tarih, k\u00fclt\u00fcr ve do\u011fa rotalar\u0131nda d\u00fczenledi\u011fi y\u00fcr\u00fcy\u00fc\u015flere devam ediyor. Ayd\u0131n B\u00fcy\u00fck\u015fehir Belediyesi, Ayd\u0131n\u2019\u0131n tarihi ve do\u011fal g\u00fczellikleri aras\u0131nda d\u00fczenledi\u011fi \u2019Trekking Ayd\u0131n\u2019 etkinliklerini vatanda\u015flar ile bulu\u015fturmay\u0131 s\u00fcrd\u00fcr\u00fcyor. Ayd\u0131nl\u0131 do\u011faseverlerin ve sporcular\u0131n yo\u011fun ilgi g\u00f6sterdi\u011fi y\u00fcr\u00fcy\u00fc\u015flerin bu seferki rotas\u0131 S\u00f6ke il\u00e7esine ba\u011fl\u0131 Ser\u00e7in Mahallesi oldu. Ziyaret\u00e7iler Ser\u00e7in\u2019de bir taraftan do\u011fa y\u00fcr\u00fcy\u00fc\u015f\u00fc yap\u0131p bir&#8230;<\/p>\n","protected":false},"author":1,"featured_media":22126,"comment_status":"open","ping_status":"open","sticky":false,"template":"","format":"standard","meta":{"_crdt_document":"","footnotes":""},"categories":[1],"tags":[],"class_list":["post-22125","post","type-post","status-publish","format-standard","has-post-thumbnail","hentry","category-guncel"],"_links":{"self":[{"href":"https:\/\/www.egemtv.com\/index.php?rest_route=\/wp\/v2\/posts\/22125","targetHints":{"allow":["GET"]}}],"collection":[{"href":"https:\/\/www.egemtv.com\/index.php?rest_route=\/wp\/v2\/posts"}],"about":[{"href":"https:\/\/www.egemtv.com\/index.php?rest_route=\/wp\/v2\/types\/post"}],"author":[{"embeddable":true,"href":"https:\/\/www.egemtv.com\/index.php?rest_route=\/wp\/v2\/users\/1"}],"replies":[{"embeddable":true,"href":"https:\/\/www.egemtv.com\/index.php?rest_route=%2Fwp%2Fv2%2Fcomments&post=22125"}],"version-history":[{"count":1,"href":"https:\/\/www.egemtv.com\/index.php?rest_route=\/wp\/v2\/posts\/22125\/revisions"}],"predecessor-version":[{"id":22127,"href":"https:\/\/www.egemtv.com\/index.php?rest_route=\/wp\/v2\/posts\/22125\/revisions\/22127"}],"wp:featuredmedia":[{"embeddable":true,"href":"https:\/\/www.egemtv.com\/index.php?rest_route=\/wp\/v2\/media\/22126"}],"wp:attachment":[{"href":"https:\/\/www.egemtv.com\/index.php?rest_route=%2Fwp%2Fv2%2Fmedia&parent=22125"}],"wp:term":[{"taxonomy":"category","embeddable":true,"href":"https:\/\/www.egemtv.com\/index.php?rest_route=%2Fwp%2Fv2%2Fcategories&post=22125"},{"taxonomy":"post_tag","embeddable":true,"href":"https:\/\/www.egemtv.com\/index.php?rest_route=%2Fwp%2Fv2%2Ftags&post=22125"}],"curies":[{"name":"wp","href":"https:\/\/api.w.org\/{rel}","templated":true}]}}