{"id":22122,"date":"2025-02-24T14:06:47","date_gmt":"2025-02-24T11:06:47","guid":{"rendered":"https:\/\/www.egemtv.com\/?p=22122"},"modified":"2025-02-24T14:06:51","modified_gmt":"2025-02-24T11:06:51","slug":"cesme-tsm-korosu-30-yilini-unutulmaz-bir-konserle-kutladi","status":"publish","type":"post","link":"https:\/\/www.egemtv.com\/?p=22122","title":{"rendered":"\u00c7e\u015fme TSM Korosu, 30. y\u0131l\u0131n\u0131 unutulmaz bir konserle kutlad\u0131"},"content":{"rendered":"<p>\u00c7e\u015fme Belediyesi T\u00fcrk Sanat M\u00fczi\u011fi Korosu, 30. y\u0131l d\u00f6n\u00fcm\u00fcn\u00fc \u00c7e\u015fme K\u00fclt\u00fcr ve Sanat Derne\u011finin katk\u0131 verdi\u011fi g\u00f6rkemli bir konserle kutlad\u0131. \u00c7akabey K\u00fclt\u00fcr Merkezi\u2019nde ger\u00e7ekle\u015ftirilen &#8220;Abd\u00fclkadir Meragi\u2019den G\u00fcn\u00fcm\u00fcze&#8221; ba\u015fl\u0131kl\u0131 \u00f6zel konser, sanatseverlere unutulmaz bir gece ya\u015fatt\u0131.<br \/>\n<br \/>1995 y\u0131l\u0131nda kurulan ve y\u0131llard\u0131r \u00c7e\u015fme halk\u0131 ile bulu\u015fan T\u00fcrk Sanat M\u00fczi\u011fi Korosu, Meragi\u2019nin eserlerinden olu\u015fan bir se\u00e7kiyle sahne ald\u0131. 19 eserin seslendirildi\u011fi konserde, dokuz eser koro, on eser ise solistler taraf\u0131ndan icra edildi.<br \/>\n<br \/>Konserin sunumunu dernek \u00fcyelerinden Tu\u011fba Buldan \u00fcstlenirken, koronun \u015fefli\u011fini Do\u00e7. Dr. M\u00fccahit Yal\u00e7\u0131n \u00d6zt\u00fcfek\u00e7i yapt\u0131.?Dernek Ba\u015fkan\u0131 Arda G\u00f6n\u00fcl, rahats\u0131zl\u0131\u011f\u0131 nedeniyle etkinli\u011fe kat\u0131lamazken, so\u011fuk havaya ra\u011fmen sanatseverler konseri izlemek i\u00e7in b\u00fcy\u00fck bir ilgi g\u00f6sterdi.<br \/>\n<br \/>Konser, Halil Soyt\u00fcrk ve Serhat Karaaslan\u2019\u0131n sundu\u011fu sinevizyon g\u00f6sterimiyle ba\u015flad\u0131. G\u00f6sterimde, derne\u011fin bug\u00fcne kadar ger\u00e7ekle\u015ftirdi\u011fi konserlerden \u00f6zel kesitler yer ald\u0131. Ard\u0131ndan, TRT Devlet Kl\u00e2sik T\u00fcrk M\u00fczi\u011fi saz sanat\u00e7\u0131lar\u0131n\u0131n e\u015fli\u011finde koro sahne ald\u0131.<br \/>\n<br \/>T\u00fcrk Sanat M\u00fczi\u011fiyle B\u00fcy\u00fcleyici Bir Gece?Konserin ilk b\u00f6l\u00fcm\u00fcnde K\u00fcrdilihicazkar fasl\u0131 ve Segah \u015fark\u0131lar\u0131yla birlikte iki H\u00fczzam t\u00fcrk\u00fc seslendirildi. \u0130kinci b\u00f6l\u00fcmde ise Nihavent makam\u0131ndaki eserler sanatseverlerle bulu\u015fturuldu.<br \/>\n<br \/>Gecenin sonunda \u00c7e\u015fme Belediye Ba\u015fkan Yard\u0131mc\u0131s\u0131 Banu Ayhan, koro, orkestra ve dernek \u00fcyeleri ad\u0131na Ramazan Saatli ve Yener Elmas\u2019a te\u015fekk\u00fcr ederek \u00e7i\u00e7ek takdim etti.<br \/><\/p>\n","protected":false},"excerpt":{"rendered":"<p>\u00c7e\u015fme Belediyesi T\u00fcrk Sanat M\u00fczi\u011fi Korosu, 30. y\u0131l d\u00f6n\u00fcm\u00fcn\u00fc \u00c7e\u015fme K\u00fclt\u00fcr ve Sanat Derne\u011finin katk\u0131 verdi\u011fi g\u00f6rkemli bir konserle kutlad\u0131. \u00c7akabey K\u00fclt\u00fcr Merkezi\u2019nde ger\u00e7ekle\u015ftirilen &#8220;Abd\u00fclkadir Meragi\u2019den G\u00fcn\u00fcm\u00fcze&#8221; ba\u015fl\u0131kl\u0131 \u00f6zel konser, sanatseverlere unutulmaz bir gece ya\u015fatt\u0131. 1995 y\u0131l\u0131nda kurulan ve y\u0131llard\u0131r \u00c7e\u015fme halk\u0131 ile bulu\u015fan T\u00fcrk Sanat M\u00fczi\u011fi Korosu, Meragi\u2019nin eserlerinden olu\u015fan bir se\u00e7kiyle sahne ald\u0131&#8230;.<\/p>\n","protected":false},"author":1,"featured_media":22123,"comment_status":"open","ping_status":"open","sticky":false,"template":"","format":"standard","meta":{"_crdt_document":"","footnotes":""},"categories":[1],"tags":[],"class_list":["post-22122","post","type-post","status-publish","format-standard","has-post-thumbnail","hentry","category-guncel"],"_links":{"self":[{"href":"https:\/\/www.egemtv.com\/index.php?rest_route=\/wp\/v2\/posts\/22122","targetHints":{"allow":["GET"]}}],"collection":[{"href":"https:\/\/www.egemtv.com\/index.php?rest_route=\/wp\/v2\/posts"}],"about":[{"href":"https:\/\/www.egemtv.com\/index.php?rest_route=\/wp\/v2\/types\/post"}],"author":[{"embeddable":true,"href":"https:\/\/www.egemtv.com\/index.php?rest_route=\/wp\/v2\/users\/1"}],"replies":[{"embeddable":true,"href":"https:\/\/www.egemtv.com\/index.php?rest_route=%2Fwp%2Fv2%2Fcomments&post=22122"}],"version-history":[{"count":1,"href":"https:\/\/www.egemtv.com\/index.php?rest_route=\/wp\/v2\/posts\/22122\/revisions"}],"predecessor-version":[{"id":22124,"href":"https:\/\/www.egemtv.com\/index.php?rest_route=\/wp\/v2\/posts\/22122\/revisions\/22124"}],"wp:featuredmedia":[{"embeddable":true,"href":"https:\/\/www.egemtv.com\/index.php?rest_route=\/wp\/v2\/media\/22123"}],"wp:attachment":[{"href":"https:\/\/www.egemtv.com\/index.php?rest_route=%2Fwp%2Fv2%2Fmedia&parent=22122"}],"wp:term":[{"taxonomy":"category","embeddable":true,"href":"https:\/\/www.egemtv.com\/index.php?rest_route=%2Fwp%2Fv2%2Fcategories&post=22122"},{"taxonomy":"post_tag","embeddable":true,"href":"https:\/\/www.egemtv.com\/index.php?rest_route=%2Fwp%2Fv2%2Ftags&post=22122"}],"curies":[{"name":"wp","href":"https:\/\/api.w.org\/{rel}","templated":true}]}}