{"id":22089,"date":"2025-02-24T12:46:00","date_gmt":"2025-02-24T09:46:00","guid":{"rendered":"https:\/\/www.egemtv.com\/?p=22089"},"modified":"2025-02-24T12:46:04","modified_gmt":"2025-02-24T09:46:04","slug":"ispartada-son-bir-haftada-2-bin-187-surucuye-ceza-35-kisiye-gozalti","status":"publish","type":"post","link":"https:\/\/www.egemtv.com\/?p=22089","title":{"rendered":"Isparta\u2019da son bir haftada 2 bin 187 s\u00fcr\u00fcc\u00fcye ceza, 35 ki\u015fiye g\u00f6zalt\u0131"},"content":{"rendered":"<p>Isparta\u2019da son bir haftada yap\u0131lan denetimlerde 2 bin 187 s\u00fcr\u00fcc\u00fcye idari ceza uyguland\u0131, 35 aranan \u015fah\u0131s yakaland\u0131.<br \/>\n<br \/>\u0130l Emniyet M\u00fcd\u00fcrl\u00fc\u011f\u00fc\u2019nce son bir haftada 24 saat esas\u0131na g\u00f6re yap\u0131lan denetimlerde; 36 bin 599 ki\u015fi sorguland\u0131, 35 aranan \u015fah\u0131s yakalanarak yasal i\u015flemler ba\u015flat\u0131ld\u0131. 21 bin 375 ara\u00e7 kontrol edilirken, 2 bin 187 s\u00fcr\u00fcc\u00fcye ise kural ihlallerinden idari ceza uyguland\u0131.<br \/><\/p>\n","protected":false},"excerpt":{"rendered":"<p>Isparta\u2019da son bir haftada yap\u0131lan denetimlerde 2 bin 187 s\u00fcr\u00fcc\u00fcye idari ceza uyguland\u0131, 35 aranan \u015fah\u0131s yakaland\u0131. \u0130l Emniyet M\u00fcd\u00fcrl\u00fc\u011f\u00fc\u2019nce son bir haftada 24 saat esas\u0131na g\u00f6re yap\u0131lan denetimlerde; 36 bin 599 ki\u015fi sorguland\u0131, 35 aranan \u015fah\u0131s yakalanarak yasal i\u015flemler ba\u015flat\u0131ld\u0131. 21 bin 375 ara\u00e7 kontrol edilirken, 2 bin 187 s\u00fcr\u00fcc\u00fcye ise kural ihlallerinden idari&#8230;<\/p>\n","protected":false},"author":1,"featured_media":22090,"comment_status":"open","ping_status":"open","sticky":false,"template":"","format":"standard","meta":{"_crdt_document":"","footnotes":""},"categories":[5],"tags":[],"class_list":["post-22089","post","type-post","status-publish","format-standard","has-post-thumbnail","hentry","category-asayis"],"_links":{"self":[{"href":"https:\/\/www.egemtv.com\/index.php?rest_route=\/wp\/v2\/posts\/22089","targetHints":{"allow":["GET"]}}],"collection":[{"href":"https:\/\/www.egemtv.com\/index.php?rest_route=\/wp\/v2\/posts"}],"about":[{"href":"https:\/\/www.egemtv.com\/index.php?rest_route=\/wp\/v2\/types\/post"}],"author":[{"embeddable":true,"href":"https:\/\/www.egemtv.com\/index.php?rest_route=\/wp\/v2\/users\/1"}],"replies":[{"embeddable":true,"href":"https:\/\/www.egemtv.com\/index.php?rest_route=%2Fwp%2Fv2%2Fcomments&post=22089"}],"version-history":[{"count":1,"href":"https:\/\/www.egemtv.com\/index.php?rest_route=\/wp\/v2\/posts\/22089\/revisions"}],"predecessor-version":[{"id":22091,"href":"https:\/\/www.egemtv.com\/index.php?rest_route=\/wp\/v2\/posts\/22089\/revisions\/22091"}],"wp:featuredmedia":[{"embeddable":true,"href":"https:\/\/www.egemtv.com\/index.php?rest_route=\/wp\/v2\/media\/22090"}],"wp:attachment":[{"href":"https:\/\/www.egemtv.com\/index.php?rest_route=%2Fwp%2Fv2%2Fmedia&parent=22089"}],"wp:term":[{"taxonomy":"category","embeddable":true,"href":"https:\/\/www.egemtv.com\/index.php?rest_route=%2Fwp%2Fv2%2Fcategories&post=22089"},{"taxonomy":"post_tag","embeddable":true,"href":"https:\/\/www.egemtv.com\/index.php?rest_route=%2Fwp%2Fv2%2Ftags&post=22089"}],"curies":[{"name":"wp","href":"https:\/\/api.w.org\/{rel}","templated":true}]}}