{"id":22086,"date":"2025-02-24T12:45:56","date_gmt":"2025-02-24T09:45:56","guid":{"rendered":"https:\/\/www.egemtv.com\/?p=22086"},"modified":"2025-02-24T12:46:00","modified_gmt":"2025-02-24T09:46:00","slug":"ramazan-ayi-oncesi-gida-denetimleri-suruyor","status":"publish","type":"post","link":"https:\/\/www.egemtv.com\/?p=22086","title":{"rendered":"Ramazan ay\u0131 \u00f6ncesi g\u0131da denetimleri s\u00fcr\u00fcyor"},"content":{"rendered":"<p>Afyonkarahisar Ticaret \u0130l M\u00fcd\u00fcrl\u00fc\u011f\u00fc ekipleri Ramazan ay\u0131 \u00f6ncesi g\u0131da i\u015fletmelerinde haks\u0131z ve fahi\u015f fiyat denetimi faaliyetlerine h\u0131z kesmemden devam ederken, denetimlerde 6 ayr\u0131 i\u015fletmeye toplamda 21 \u00fcr\u00fcn i\u00e7in cezai i\u015flem uyguland\u0131.<br \/>\n<br \/>Denetimlerle ilgili kurumdan yap\u0131lan yaz\u0131l\u0131 a\u00e7\u0131klamada, &#8220;6502 say\u0131l\u0131 T\u00fcketicinin Korunmas\u0131 Hakk\u0131nda Kanun kapsam\u0131nda kasap esnaf\u0131na y\u00f6nelik olarak fiyat etiketi, kasa-raf uyu\u015fmazl\u0131\u011f\u0131 gibi pek \u00e7ok konuda denetimler ger\u00e7ekle\u015ftiren ekipler, ayk\u0131r\u0131l\u0131k tespit edilen 6 ayr\u0131 i\u015fletmeye toplamda 21 \u00fcr\u00fcn i\u00e7in cezai i\u015flem uygulad\u0131.  Ticaret \u0130l M\u00fcd\u00fcrl\u00fc\u011f\u00fc taraf\u0131ndan vatanda\u015flar\u0131n ma\u011fduriyet ya\u015famamas\u0131 ve haks\u0131z fiyat uygulamalar\u0131n\u0131n \u00f6n\u00fcne ge\u00e7ilmesi amac\u0131yla ilgili ekipler ile yakla\u015fan Ramazan ay\u0131 \u00f6ncesi denetim faaliyetleri s\u00fcrecektir&#8221; ifadelerine yer verildi.<br \/><\/p>\n","protected":false},"excerpt":{"rendered":"<p>Afyonkarahisar Ticaret \u0130l M\u00fcd\u00fcrl\u00fc\u011f\u00fc ekipleri Ramazan ay\u0131 \u00f6ncesi g\u0131da i\u015fletmelerinde haks\u0131z ve fahi\u015f fiyat denetimi faaliyetlerine h\u0131z kesmemden devam ederken, denetimlerde 6 ayr\u0131 i\u015fletmeye toplamda 21 \u00fcr\u00fcn i\u00e7in cezai i\u015flem uyguland\u0131. Denetimlerle ilgili kurumdan yap\u0131lan yaz\u0131l\u0131 a\u00e7\u0131klamada, &#8220;6502 say\u0131l\u0131 T\u00fcketicinin Korunmas\u0131 Hakk\u0131nda Kanun kapsam\u0131nda kasap esnaf\u0131na y\u00f6nelik olarak fiyat etiketi, kasa-raf uyu\u015fmazl\u0131\u011f\u0131 gibi pek \u00e7ok&#8230;<\/p>\n","protected":false},"author":1,"featured_media":22087,"comment_status":"open","ping_status":"open","sticky":false,"template":"","format":"standard","meta":{"_crdt_document":"","footnotes":""},"categories":[1],"tags":[],"class_list":["post-22086","post","type-post","status-publish","format-standard","has-post-thumbnail","hentry","category-guncel"],"_links":{"self":[{"href":"https:\/\/www.egemtv.com\/index.php?rest_route=\/wp\/v2\/posts\/22086","targetHints":{"allow":["GET"]}}],"collection":[{"href":"https:\/\/www.egemtv.com\/index.php?rest_route=\/wp\/v2\/posts"}],"about":[{"href":"https:\/\/www.egemtv.com\/index.php?rest_route=\/wp\/v2\/types\/post"}],"author":[{"embeddable":true,"href":"https:\/\/www.egemtv.com\/index.php?rest_route=\/wp\/v2\/users\/1"}],"replies":[{"embeddable":true,"href":"https:\/\/www.egemtv.com\/index.php?rest_route=%2Fwp%2Fv2%2Fcomments&post=22086"}],"version-history":[{"count":1,"href":"https:\/\/www.egemtv.com\/index.php?rest_route=\/wp\/v2\/posts\/22086\/revisions"}],"predecessor-version":[{"id":22088,"href":"https:\/\/www.egemtv.com\/index.php?rest_route=\/wp\/v2\/posts\/22086\/revisions\/22088"}],"wp:featuredmedia":[{"embeddable":true,"href":"https:\/\/www.egemtv.com\/index.php?rest_route=\/wp\/v2\/media\/22087"}],"wp:attachment":[{"href":"https:\/\/www.egemtv.com\/index.php?rest_route=%2Fwp%2Fv2%2Fmedia&parent=22086"}],"wp:term":[{"taxonomy":"category","embeddable":true,"href":"https:\/\/www.egemtv.com\/index.php?rest_route=%2Fwp%2Fv2%2Fcategories&post=22086"},{"taxonomy":"post_tag","embeddable":true,"href":"https:\/\/www.egemtv.com\/index.php?rest_route=%2Fwp%2Fv2%2Ftags&post=22086"}],"curies":[{"name":"wp","href":"https:\/\/api.w.org\/{rel}","templated":true}]}}