{"id":22083,"date":"2025-02-24T12:45:51","date_gmt":"2025-02-24T09:45:51","guid":{"rendered":"https:\/\/www.egemtv.com\/?p=22083"},"modified":"2025-02-24T12:45:56","modified_gmt":"2025-02-24T09:45:56","slug":"burdurda-otomobil-devrildi-3-yarali","status":"publish","type":"post","link":"https:\/\/www.egemtv.com\/?p=22083","title":{"rendered":"Burdur\u2019da otomobil devrildi: 3 yaral\u0131"},"content":{"rendered":"<p>Burdur\u2019un G\u00f6lhisar il\u00e7esinde kontrolden \u00e7\u0131karak devrilen Fiat otomobildeki 3 ki\u015fi yaraland\u0131.<br \/>\n<br \/>Kaza, saat 09.50 s\u0131ralar\u0131nda Karap\u0131nar-Evciler k\u00f6y yolunda meydana geldi. Edinilen bilgilere g\u00f6re, Serdar B. (41) idaresindeki 07 ATD 384 plakal\u0131 Fiat marka otomobil, s\u00fcr\u00fcc\u00fcs\u00fcn\u00fcn kontrol\u00fcnden \u00e7\u0131karak yolun sa\u011f taraf\u0131na devrildi. Kazada s\u00fcr\u00fcc\u00fc ile yan\u0131nda bulunan Samet K. (21) ve Osman K. (21) yaraland\u0131. \u00c7evredekilerin 112 Acil \u00c7a\u011fr\u0131 Merkezi\u2019ne ihbar\u0131 \u00fczerine olay yerine sa\u011fl\u0131k ve jandarma ekipleri sevk edildi. Sa\u011fl\u0131k ekiplerinin ilk m\u00fcdahalesinin ard\u0131ndan yaral\u0131lar ambulans ile G\u00f6lhisar Devlet Hastanesi\u2019ne kald\u0131r\u0131ld\u0131. Hastanede tedavi alt\u0131na al\u0131nan yaral\u0131lar\u0131n durumlar\u0131n\u0131n iyi oldu\u011fu \u00f6\u011frenilirken otomobil \u00e7ekici yard\u0131m\u0131yla otoparka \u00e7ekildi.<br \/><\/p>\n","protected":false},"excerpt":{"rendered":"<p>Burdur\u2019un G\u00f6lhisar il\u00e7esinde kontrolden \u00e7\u0131karak devrilen Fiat otomobildeki 3 ki\u015fi yaraland\u0131. Kaza, saat 09.50 s\u0131ralar\u0131nda Karap\u0131nar-Evciler k\u00f6y yolunda meydana geldi. Edinilen bilgilere g\u00f6re, Serdar B. (41) idaresindeki 07 ATD 384 plakal\u0131 Fiat marka otomobil, s\u00fcr\u00fcc\u00fcs\u00fcn\u00fcn kontrol\u00fcnden \u00e7\u0131karak yolun sa\u011f taraf\u0131na devrildi. Kazada s\u00fcr\u00fcc\u00fc ile yan\u0131nda bulunan Samet K. (21) ve Osman K. (21) yaraland\u0131. \u00c7evredekilerin&#8230;<\/p>\n","protected":false},"author":1,"featured_media":22084,"comment_status":"open","ping_status":"open","sticky":false,"template":"","format":"standard","meta":{"_crdt_document":"","footnotes":""},"categories":[5],"tags":[],"class_list":["post-22083","post","type-post","status-publish","format-standard","has-post-thumbnail","hentry","category-asayis"],"_links":{"self":[{"href":"https:\/\/www.egemtv.com\/index.php?rest_route=\/wp\/v2\/posts\/22083","targetHints":{"allow":["GET"]}}],"collection":[{"href":"https:\/\/www.egemtv.com\/index.php?rest_route=\/wp\/v2\/posts"}],"about":[{"href":"https:\/\/www.egemtv.com\/index.php?rest_route=\/wp\/v2\/types\/post"}],"author":[{"embeddable":true,"href":"https:\/\/www.egemtv.com\/index.php?rest_route=\/wp\/v2\/users\/1"}],"replies":[{"embeddable":true,"href":"https:\/\/www.egemtv.com\/index.php?rest_route=%2Fwp%2Fv2%2Fcomments&post=22083"}],"version-history":[{"count":1,"href":"https:\/\/www.egemtv.com\/index.php?rest_route=\/wp\/v2\/posts\/22083\/revisions"}],"predecessor-version":[{"id":22085,"href":"https:\/\/www.egemtv.com\/index.php?rest_route=\/wp\/v2\/posts\/22083\/revisions\/22085"}],"wp:featuredmedia":[{"embeddable":true,"href":"https:\/\/www.egemtv.com\/index.php?rest_route=\/wp\/v2\/media\/22084"}],"wp:attachment":[{"href":"https:\/\/www.egemtv.com\/index.php?rest_route=%2Fwp%2Fv2%2Fmedia&parent=22083"}],"wp:term":[{"taxonomy":"category","embeddable":true,"href":"https:\/\/www.egemtv.com\/index.php?rest_route=%2Fwp%2Fv2%2Fcategories&post=22083"},{"taxonomy":"post_tag","embeddable":true,"href":"https:\/\/www.egemtv.com\/index.php?rest_route=%2Fwp%2Fv2%2Ftags&post=22083"}],"curies":[{"name":"wp","href":"https:\/\/api.w.org\/{rel}","templated":true}]}}