{"id":22080,"date":"2025-02-24T12:45:51","date_gmt":"2025-02-24T09:45:51","guid":{"rendered":"https:\/\/www.egemtv.com\/?p=22080"},"modified":"2025-02-24T12:45:51","modified_gmt":"2025-02-24T09:45:51","slug":"oglunun-olumune-sebep-olan-baba-serbest-birakildi","status":"publish","type":"post","link":"https:\/\/www.egemtv.com\/?p=22080","title":{"rendered":"O\u011flunun \u00f6l\u00fcm\u00fcne sebep olan baba serbest b\u0131rak\u0131ld\u0131"},"content":{"rendered":"<p>\u0130zmir\u2019in Bornova il\u00e7esinde, o\u011flunun \u00f6l\u00fcm\u00fcne sebep olan baba serbest b\u0131rak\u0131ld\u0131.<br \/>\n<br \/>\u0130zmir\u2019in Bornova il\u00e7esinde \u00e7ocu\u011fuyla birlikte ava giden R\u0131fat E., elindeki t\u00fcfe\u011fin kazara patlamas\u0131 sonucu o\u011flu Ate\u015f Ali E.\u2019nin \u00f6l\u00fcm\u00fcne sebep oldu. Baba, \u00e7\u0131kar\u0131ld\u0131\u011f\u0131 mahkemece adli kontrol \u015fart\u0131yla serbest b\u0131rak\u0131ld\u0131.<br \/>\n<br \/>Olay, d\u00fcn sabah saatlerinde Bornova il\u00e7esi G\u00f6kdere Mahallesi Rasathane b\u00f6lgesinde meydana geldi. Edinilen bilgiye g\u00f6re, baba R\u0131fat E. ve o\u011flu Ate\u015f Ali E. (12) birlikte avlanmaya \u00e7\u0131kt\u0131. Baban\u0131n elinde bulunan av t\u00fcfe\u011finin kazara ate\u015f almas\u0131 sonucu, Ate\u015f Ali E.\u2019nin ba\u015f\u0131ndan yaraland\u0131. O\u011flunu kanlar i\u00e7inde yerde yatt\u0131\u011f\u0131n\u0131 g\u00f6ren R\u0131fat E., olay\u0131n \u015fokunu atlatt\u0131ktan sonra durumu 112 acil sa\u011fl\u0131k ekiplerine bildirdi. B\u00f6lgeye gelen sa\u011fl\u0131k g\u00f6revlileri, talihsiz \u00e7ocu\u011fun ya\u015fam\u0131n\u0131 yitirdi\u011fini belirlendi. K\u00fc\u00e7\u00fck \u00e7ocu\u011fun cans\u0131z bedeni Adli T\u0131p Kurumu morguna kald\u0131r\u0131ld\u0131.<br \/>\n<br \/>\u00d6te yandan, jandarma ekipleri taraf\u0131ndan y\u00fcr\u00fct\u00fclen \u00e7al\u0131\u015fmalarda baba g\u00f6zalt\u0131na al\u0131nd\u0131. Jandarmadaki i\u015flemleri tamamlanan R\u0131fat E. \u00e7\u0131kar\u0131ld\u0131\u011f\u0131 mahkemece adli kontrol \u015fart\u0131yla serbest b\u0131rak\u0131ld\u0131.<br \/><\/p>\n","protected":false},"excerpt":{"rendered":"<p>\u0130zmir\u2019in Bornova il\u00e7esinde, o\u011flunun \u00f6l\u00fcm\u00fcne sebep olan baba serbest b\u0131rak\u0131ld\u0131. \u0130zmir\u2019in Bornova il\u00e7esinde \u00e7ocu\u011fuyla birlikte ava giden R\u0131fat E., elindeki t\u00fcfe\u011fin kazara patlamas\u0131 sonucu o\u011flu Ate\u015f Ali E.\u2019nin \u00f6l\u00fcm\u00fcne sebep oldu. Baba, \u00e7\u0131kar\u0131ld\u0131\u011f\u0131 mahkemece adli kontrol \u015fart\u0131yla serbest b\u0131rak\u0131ld\u0131. Olay, d\u00fcn sabah saatlerinde Bornova il\u00e7esi G\u00f6kdere Mahallesi Rasathane b\u00f6lgesinde meydana geldi. Edinilen bilgiye g\u00f6re, baba&#8230;<\/p>\n","protected":false},"author":1,"featured_media":22081,"comment_status":"open","ping_status":"open","sticky":false,"template":"","format":"standard","meta":{"_crdt_document":"","footnotes":""},"categories":[5],"tags":[],"class_list":["post-22080","post","type-post","status-publish","format-standard","has-post-thumbnail","hentry","category-asayis"],"_links":{"self":[{"href":"https:\/\/www.egemtv.com\/index.php?rest_route=\/wp\/v2\/posts\/22080","targetHints":{"allow":["GET"]}}],"collection":[{"href":"https:\/\/www.egemtv.com\/index.php?rest_route=\/wp\/v2\/posts"}],"about":[{"href":"https:\/\/www.egemtv.com\/index.php?rest_route=\/wp\/v2\/types\/post"}],"author":[{"embeddable":true,"href":"https:\/\/www.egemtv.com\/index.php?rest_route=\/wp\/v2\/users\/1"}],"replies":[{"embeddable":true,"href":"https:\/\/www.egemtv.com\/index.php?rest_route=%2Fwp%2Fv2%2Fcomments&post=22080"}],"version-history":[{"count":1,"href":"https:\/\/www.egemtv.com\/index.php?rest_route=\/wp\/v2\/posts\/22080\/revisions"}],"predecessor-version":[{"id":22082,"href":"https:\/\/www.egemtv.com\/index.php?rest_route=\/wp\/v2\/posts\/22080\/revisions\/22082"}],"wp:featuredmedia":[{"embeddable":true,"href":"https:\/\/www.egemtv.com\/index.php?rest_route=\/wp\/v2\/media\/22081"}],"wp:attachment":[{"href":"https:\/\/www.egemtv.com\/index.php?rest_route=%2Fwp%2Fv2%2Fmedia&parent=22080"}],"wp:term":[{"taxonomy":"category","embeddable":true,"href":"https:\/\/www.egemtv.com\/index.php?rest_route=%2Fwp%2Fv2%2Fcategories&post=22080"},{"taxonomy":"post_tag","embeddable":true,"href":"https:\/\/www.egemtv.com\/index.php?rest_route=%2Fwp%2Fv2%2Ftags&post=22080"}],"curies":[{"name":"wp","href":"https:\/\/api.w.org\/{rel}","templated":true}]}}