{"id":22074,"date":"2025-02-24T12:25:50","date_gmt":"2025-02-24T09:25:50","guid":{"rendered":"https:\/\/www.egemtv.com\/?p=22074"},"modified":"2025-02-24T12:25:55","modified_gmt":"2025-02-24T09:25:55","slug":"motosikletciler-motorcu-dostu-bariyerler-icin-cagrida-bulundu","status":"publish","type":"post","link":"https:\/\/www.egemtv.com\/?p=22074","title":{"rendered":"Motosiklet\u00e7iler motorcu dostu bariyerler i\u00e7in \u00e7a\u011fr\u0131da bulundu"},"content":{"rendered":"<p>Denizli\u2019de motosiklet s\u00fcr\u00fcc\u00fcleri, trafikte kar\u015f\u0131la\u015ft\u0131klar\u0131 riskleri en aza indirmek ve g\u00fcvenli\u011fi art\u0131rmak amac\u0131yla motorcu dostu bariyerler talebi i\u00e7in \u00e7a\u011fr\u0131da bulundu.<\/p>\n<p>Denizli\u2019de, Denizli Motosiklet Kul\u00fcpler Birli\u011fi \u00e7at\u0131s\u0131 alt\u0131nda faaliyet g\u00f6steren 14 motosiklet grubu \u00fcyeleri, motosiklet kazalar\u0131nda ciddi yaralanmalara neden olan mevcut bariyer sistemine tepki g\u00f6stermek amac\u0131yla bir araya geldi. Motosiklet konvoyu olu\u015fturan grup, fark\u0131ndal\u0131k olu\u015fturmak i\u00e7in bas\u0131n a\u00e7\u0131klamas\u0131 yapt\u0131.<\/p>\n<p>Konvoya kat\u0131lan motosiklet\u00e7iler ad\u0131na ortak bas\u0131n a\u00e7\u0131klamas\u0131n\u0131 okuyan U\u011fur Kaynak, motorcu dostu bariyerlerin kaza an\u0131nda ciddi yaralanmalar\u0131 \u00f6nleyebilece\u011fini belirterek, &#8220;Biz motosiklet kullan\u0131c\u0131lar\u0131 olarak, trafikte kar\u015f\u0131la\u015ft\u0131\u011f\u0131m\u0131z riskleri en aza indirmek ve g\u00fcvenli\u011fimizi art\u0131rmak amac\u0131yla \u2019Motorcu Dostu Bariyerler\u2019 talebimizi kamuoyuyla payla\u015fmak istiyoruz. Geleneksel bariyerler, motosiklet kazalar\u0131nda ciddi yaralanmalara ve hatta \u00f6l\u00fcmlere yol a\u00e7abilirken, motorcu dostu bariyerler bu riskleri en aza indirmek i\u00e7in \u00f6zel olarak tasarlanm\u0131\u015ft\u0131r. Bu nedenle, t\u00fcm yetkili kurumlar\u0131 ve karar al\u0131c\u0131lar\u0131 bu hayati \u00f6neme sahip bariyerlerin yayg\u0131nla\u015ft\u0131r\u0131lmas\u0131 ve uygulanmas\u0131 konusunda acilen harekete ge\u00e7meye davet ediyoruz. Son y\u0131llarda T\u00fcrkiye\u2019de motosiklet kullan\u0131m\u0131 h\u0131zla artarken, ne yaz\u0131k ki motosiklet s\u00fcr\u00fcc\u00fclerine y\u00f6nelik g\u00fcvenlik \u00f6nlemleri ayn\u0131 h\u0131zda geli\u015fmemektedir. \u00d6zellikle riskli kav\u015faklarda ve ana arterlerde hayati \u00f6neme sahip olan motorcu dostu bariyerler, kazalar\u0131n sonu\u00e7lar\u0131n\u0131 hafifletmek ve s\u00fcr\u00fcc\u00fclerin hayat\u0131n\u0131 korumak i\u00e7in b\u00fcy\u00fck bir gerekliliktir. Bu bariyerlerin uygulanmas\u0131, yaln\u0131zca motosiklet s\u00fcr\u00fcc\u00fclerinin g\u00fcvenli\u011fini sa\u011flamakla kalmayacak, ayn\u0131 zamanda genel trafik g\u00fcvenli\u011fine de \u00f6nemli katk\u0131lar sunacakt\u0131r. Unutmayal\u0131m ki g\u00fcvenli yollar, yaln\u0131zca otomobil s\u00fcr\u00fcc\u00fcleri i\u00e7in de\u011fil, t\u00fcm yol kullan\u0131c\u0131lar\u0131 i\u00e7in olu\u015fturulmal\u0131d\u0131r. Bu projeye destek vermek, fark\u0131ndal\u0131k olu\u015fturmak ve motosiklet s\u00fcr\u00fcc\u00fclerinin g\u00fcvenli\u011fini art\u0131rmak ad\u0131na, ba\u015fta yetkililer olmak \u00fczere t\u00fcm kamuoyunu, sivil toplum kurulu\u015flar\u0131n\u0131 ve de\u011ferli bas\u0131n mensuplar\u0131n\u0131 bu \u00e7a\u011fr\u0131ya destek olmaya davet ediyoruz. Gelin, hep birlikte daha g\u00fcvenli bir trafik ortam\u0131 olu\u015ftural\u0131m ve motorcu dostu bariyerlerin yayg\u0131nla\u015ft\u0131r\u0131lmas\u0131n\u0131 sa\u011flayal\u0131m. G\u00fcvenli bir trafik i\u00e7in hep birlikte \u00e7al\u0131\u015fal\u0131m&#8221; dedi.<\/p>\n<p>&#8220;Motor onun i\u00e7in bir tutku, bir ya\u015fam bi\u00e7imiydi&#8221;<br \/>\n<br \/>Eylemde ge\u00e7ti\u011fimiz g\u00fcnlerde Ayd\u0131n\u2019da ge\u00e7irdi\u011fi trafik kazas\u0131 sonucu hayat\u0131n\u0131 kaybeden Denizlili Ahmet Bera Akta\u015f da an\u0131ld\u0131. Akta\u015f\u2019\u0131n yak\u0131n arkada\u015f\u0131 Ramazan G\u00fcnay ise, &#8220;Sevgili karde\u015fimiz Ahmet Bera Akta\u015f\u2019\u0131 kaybetmenin derin \u00fcz\u00fcnt\u00fcs\u00fc i\u00e7indeyiz. Bera, yaln\u0131zca motor tutkusu ile de\u011fil, ayn\u0131 zamanda insanl\u0131\u011f\u0131 ve i\u00e7indeki iyilikle herkesin kalbinde iz b\u0131rakm\u0131\u015f biriydi. Onun g\u00fcler y\u00fcz\u00fc, payla\u015f\u0131mc\u0131l\u0131\u011f\u0131 ve yard\u0131mseverli\u011fi, hayat\u0131m\u0131za dokunan en de\u011ferli \u00f6zellikleriydi. Her zaman pozitif ve yard\u0131msever bir insan olarak, \u00e7evresindeki herkesi g\u00fcld\u00fcren, umutla ve sevgiyle sarmalayan biriydi. Bera i\u00e7in motosiklet, yaln\u0131zca bir ula\u015f\u0131m arac\u0131 de\u011fil, onun i\u00e7in bir tutku, bir ya\u015fam bi\u00e7imiydi. Kazadan sonra \u2019T\u0131r\u0131 sollamaya \u00e7al\u0131\u015f\u0131rken oldu\u2019 gibi s\u00f6ylemler ger\u00e7e\u011fi yans\u0131tmamakta ve can\u0131m\u0131z\u0131 yakmaktad\u0131r. Son zamanlarda artan motor kazalar\u0131, Bera\u2019n\u0131n kazas\u0131nda oldu\u011fu gibi katil bariyerlerin ne kadar b\u00fcy\u00fck bir tehlike olu\u015fturdu\u011funu bizlere bir kez daha hat\u0131rlatt\u0131. Bera\u2019n\u0131n kayb\u0131, bu ger\u00e7eklerin daha iyi anla\u015f\u0131lmas\u0131 gerekti\u011finin alt\u0131n\u0131 \u00e7izmektedir. Motorcular i\u00e7in yollar\u0131n g\u00fcvenli hale getirilmesi, bariyerlerin daha uygun \u015fekilde dizayn edilmesi, sadece motorculardan de\u011fil, t\u00fcm trafikte yer alan bireylerden gelen bir \u00e7a\u011fr\u0131 olmal\u0131d\u0131r&#8221; diye konu\u015ftu.<br \/><\/p>\n","protected":false},"excerpt":{"rendered":"<p>Denizli\u2019de motosiklet s\u00fcr\u00fcc\u00fcleri, trafikte kar\u015f\u0131la\u015ft\u0131klar\u0131 riskleri en aza indirmek ve g\u00fcvenli\u011fi art\u0131rmak amac\u0131yla motorcu dostu bariyerler talebi i\u00e7in \u00e7a\u011fr\u0131da bulundu. Denizli\u2019de, Denizli Motosiklet Kul\u00fcpler Birli\u011fi \u00e7at\u0131s\u0131 alt\u0131nda faaliyet g\u00f6steren 14 motosiklet grubu \u00fcyeleri, motosiklet kazalar\u0131nda ciddi yaralanmalara neden olan mevcut bariyer sistemine tepki g\u00f6stermek amac\u0131yla bir araya geldi. Motosiklet konvoyu olu\u015fturan grup, fark\u0131ndal\u0131k olu\u015fturmak i\u00e7in&#8230;<\/p>\n","protected":false},"author":1,"featured_media":22075,"comment_status":"open","ping_status":"open","sticky":false,"template":"","format":"standard","meta":{"_crdt_document":"","footnotes":""},"categories":[5],"tags":[],"class_list":["post-22074","post","type-post","status-publish","format-standard","has-post-thumbnail","hentry","category-asayis"],"_links":{"self":[{"href":"https:\/\/www.egemtv.com\/index.php?rest_route=\/wp\/v2\/posts\/22074","targetHints":{"allow":["GET"]}}],"collection":[{"href":"https:\/\/www.egemtv.com\/index.php?rest_route=\/wp\/v2\/posts"}],"about":[{"href":"https:\/\/www.egemtv.com\/index.php?rest_route=\/wp\/v2\/types\/post"}],"author":[{"embeddable":true,"href":"https:\/\/www.egemtv.com\/index.php?rest_route=\/wp\/v2\/users\/1"}],"replies":[{"embeddable":true,"href":"https:\/\/www.egemtv.com\/index.php?rest_route=%2Fwp%2Fv2%2Fcomments&post=22074"}],"version-history":[{"count":1,"href":"https:\/\/www.egemtv.com\/index.php?rest_route=\/wp\/v2\/posts\/22074\/revisions"}],"predecessor-version":[{"id":22076,"href":"https:\/\/www.egemtv.com\/index.php?rest_route=\/wp\/v2\/posts\/22074\/revisions\/22076"}],"wp:featuredmedia":[{"embeddable":true,"href":"https:\/\/www.egemtv.com\/index.php?rest_route=\/wp\/v2\/media\/22075"}],"wp:attachment":[{"href":"https:\/\/www.egemtv.com\/index.php?rest_route=%2Fwp%2Fv2%2Fmedia&parent=22074"}],"wp:term":[{"taxonomy":"category","embeddable":true,"href":"https:\/\/www.egemtv.com\/index.php?rest_route=%2Fwp%2Fv2%2Fcategories&post=22074"},{"taxonomy":"post_tag","embeddable":true,"href":"https:\/\/www.egemtv.com\/index.php?rest_route=%2Fwp%2Fv2%2Ftags&post=22074"}],"curies":[{"name":"wp","href":"https:\/\/api.w.org\/{rel}","templated":true}]}}