{"id":22071,"date":"2025-02-24T12:04:41","date_gmt":"2025-02-24T09:04:41","guid":{"rendered":"https:\/\/www.egemtv.com\/?p=22071"},"modified":"2025-02-24T12:04:45","modified_gmt":"2025-02-24T09:04:45","slug":"masa-tenisi-kucukler-bolge-sampiyonasi-heyecani-denizlide-yasandi","status":"publish","type":"post","link":"https:\/\/www.egemtv.com\/?p=22071","title":{"rendered":"Masa Tenisi K\u00fc\u00e7\u00fckler B\u00f6lge \u015eampiyonas\u0131 heyecan\u0131 Denizli\u2019de ya\u015fand\u0131"},"content":{"rendered":"<p>Masa Tenisi K\u00fc\u00e7\u00fckler B\u00f6lge \u015eampiyonas\u0131,  Denizli\u2019nin ev sahipli\u011finde ger\u00e7ekle\u015fti. Hasan G\u00fcng\u00f6r Spor Salonu\u2019nda, 14 ilden 125 sporcunun m\u00fccadele etti\u011fi \u015fampiyona sonunda dereceye giren tak\u0131mlara \u00f6d\u00fclleri takdim edildi.<\/p>\n<p>Denizli Gen\u00e7lik ve Spor \u0130l M\u00fcd\u00fcrl\u00fc\u011f\u00fc koordinesinde d\u00fczenlenen Masa Tenisi K\u00fc\u00e7\u00fckler B\u00f6lge \u015eampiyonas\u0131, 22-23 \u015eubat 2025 tarihleri aras\u0131nda Denizli\u2019nin ev sahipli\u011finde ger\u00e7ekle\u015fti. Hasan G\u00fcng\u00f6r Spor Salonu\u2019nda, 14 ilden 35 erkek, 20 k\u0131z tak\u0131m\u0131 olmak \u00fczere 125 sporcunun k\u0131yas\u0131ya m\u00fccadele etti\u011fi turnuva b\u00fcy\u00fck bir heyecana sahne oldu. \u0130ki g\u00fcn s\u00fcren kar\u015f\u0131la\u015fmalar sonunda dereceye giren sporculara madalyalar\u0131 takdim edildi.<\/p>\n<p>Masa Tenisi K\u00fc\u00e7\u00fckler B\u00f6lge \u015eampiyonas\u0131\u2019nda, T\u00fcrkiye \u015eampiyonas\u0131\u2019na kat\u0131lacak tak\u0131mlar da belirlendi. Erkekler kategorisinde birinci Sel\u00e7uklu Belediyesi, ikinci Karatay Belediyesi(A) tak\u0131m\u0131 olurken, Denizli B.\u015e.B. tak\u0131m\u0131 \u00fc\u00e7\u00fcnc\u00fc, Karatay Belediyesi(B) tak\u0131m\u0131 ise d\u00f6rd\u00fcnc\u00fc oldu. K\u0131zlar kategorisinde ise Sel\u00e7uklu Belediyesi Grubu \u015fampiyon olurken, Mavi Ege \u0130kinci, Mu\u011fla B.\u015e.B. \u00fc\u00e7\u00fcnc\u00fc, Bodved tak\u0131m\u0131 ise d\u00f6rd\u00fcnc\u00fcl\u00fc\u011f\u00fc elde etti. \u015eampiyon olan tak\u0131mlara madalyalar\u0131, Gen\u00e7lik ve Spor \u0130l M\u00fcd\u00fcr\u00fc \u00d6mer \u0130lman taraf\u0131ndan takdim edildi.<br \/><\/p>\n","protected":false},"excerpt":{"rendered":"<p>Masa Tenisi K\u00fc\u00e7\u00fckler B\u00f6lge \u015eampiyonas\u0131, Denizli\u2019nin ev sahipli\u011finde ger\u00e7ekle\u015fti. Hasan G\u00fcng\u00f6r Spor Salonu\u2019nda, 14 ilden 125 sporcunun m\u00fccadele etti\u011fi \u015fampiyona sonunda dereceye giren tak\u0131mlara \u00f6d\u00fclleri takdim edildi. Denizli Gen\u00e7lik ve Spor \u0130l M\u00fcd\u00fcrl\u00fc\u011f\u00fc koordinesinde d\u00fczenlenen Masa Tenisi K\u00fc\u00e7\u00fckler B\u00f6lge \u015eampiyonas\u0131, 22-23 \u015eubat 2025 tarihleri aras\u0131nda Denizli\u2019nin ev sahipli\u011finde ger\u00e7ekle\u015fti. Hasan G\u00fcng\u00f6r Spor Salonu\u2019nda, 14 ilden&#8230;<\/p>\n","protected":false},"author":1,"featured_media":22072,"comment_status":"open","ping_status":"open","sticky":false,"template":"","format":"standard","meta":{"_crdt_document":"","footnotes":""},"categories":[4],"tags":[],"class_list":["post-22071","post","type-post","status-publish","format-standard","has-post-thumbnail","hentry","category-spor"],"_links":{"self":[{"href":"https:\/\/www.egemtv.com\/index.php?rest_route=\/wp\/v2\/posts\/22071","targetHints":{"allow":["GET"]}}],"collection":[{"href":"https:\/\/www.egemtv.com\/index.php?rest_route=\/wp\/v2\/posts"}],"about":[{"href":"https:\/\/www.egemtv.com\/index.php?rest_route=\/wp\/v2\/types\/post"}],"author":[{"embeddable":true,"href":"https:\/\/www.egemtv.com\/index.php?rest_route=\/wp\/v2\/users\/1"}],"replies":[{"embeddable":true,"href":"https:\/\/www.egemtv.com\/index.php?rest_route=%2Fwp%2Fv2%2Fcomments&post=22071"}],"version-history":[{"count":1,"href":"https:\/\/www.egemtv.com\/index.php?rest_route=\/wp\/v2\/posts\/22071\/revisions"}],"predecessor-version":[{"id":22073,"href":"https:\/\/www.egemtv.com\/index.php?rest_route=\/wp\/v2\/posts\/22071\/revisions\/22073"}],"wp:featuredmedia":[{"embeddable":true,"href":"https:\/\/www.egemtv.com\/index.php?rest_route=\/wp\/v2\/media\/22072"}],"wp:attachment":[{"href":"https:\/\/www.egemtv.com\/index.php?rest_route=%2Fwp%2Fv2%2Fmedia&parent=22071"}],"wp:term":[{"taxonomy":"category","embeddable":true,"href":"https:\/\/www.egemtv.com\/index.php?rest_route=%2Fwp%2Fv2%2Fcategories&post=22071"},{"taxonomy":"post_tag","embeddable":true,"href":"https:\/\/www.egemtv.com\/index.php?rest_route=%2Fwp%2Fv2%2Ftags&post=22071"}],"curies":[{"name":"wp","href":"https:\/\/api.w.org\/{rel}","templated":true}]}}