{"id":22068,"date":"2025-02-24T12:04:37","date_gmt":"2025-02-24T09:04:37","guid":{"rendered":"https:\/\/www.egemtv.com\/?p=22068"},"modified":"2025-02-24T12:04:41","modified_gmt":"2025-02-24T09:04:41","slug":"denizli-gulsum-ogretmen-kuresel-egitim-odullerine-damga-vurdu","status":"publish","type":"post","link":"https:\/\/www.egemtv.com\/?p=22068","title":{"rendered":"Denizli G\u00fcls\u00fcm \u00d6\u011fretmen K\u00fcresel E\u011fitim \u00d6d\u00fcllerine damga vurdu"},"content":{"rendered":"<p>Aktif \u00d6\u011fretmeni&#8221; se\u00e7ildi.<\/p>\n<p>Denizli\u2019nin Sarayk\u00f6y Tosunlar Ortaokulunda T\u00fcrk\u00e7e \u00f6\u011fretmeni olarak g\u00f6rev yapan G\u00fcls\u00fcm Y\u0131lmaz, AKS K\u00fcresel E\u011fitim \u00d6d\u00fcllerinde binlerce ba\u015fvuru i\u00e7inde ilk elli \u00f6\u011fretmen aras\u0131na girerek &#8220;Y\u0131l\u0131n En Dinamik \/Aktif \u00d6\u011fretmeni&#8221; se\u00e7ildi. \u00d6d\u00fcl\u00fcn\u00fc Dubai\u2019de d\u00fczenlenen geni\u015f kat\u0131l\u0131mla t\u00f6renle  alan G\u00fcls\u00fcm Y\u0131lmaz, daha \u00f6nce de uluslararas\u0131 platformlarda \u00fclkemizi e\u011fitim alan\u0131nda gururla temsil etti.<\/p>\n<p>\u00c7e\u015fitli alanlarda \u00e7al\u0131\u015fmalara imza atan G\u00fcls\u00fcm Y\u0131lmaz, &#8220;MEB \u00d6\u011fretmeniz&#8221; platformunda &#8220;\u0130z B\u0131rakan \u00d6\u011fretmenler&#8221; listesine girerek okulunu da gururland\u0131rd\u0131. K\u0131rsaldan k\u00fcresele y\u00fckselen bir e\u011fitim yolunda G\u00fcls\u00fcm \u00d6\u011fretmen, \u00f6\u011frencilerine ilham olmaya devam ediyor.<br \/><\/p>\n","protected":false},"excerpt":{"rendered":"<p>Aktif \u00d6\u011fretmeni&#8221; se\u00e7ildi. Denizli\u2019nin Sarayk\u00f6y Tosunlar Ortaokulunda T\u00fcrk\u00e7e \u00f6\u011fretmeni olarak g\u00f6rev yapan G\u00fcls\u00fcm Y\u0131lmaz, AKS K\u00fcresel E\u011fitim \u00d6d\u00fcllerinde binlerce ba\u015fvuru i\u00e7inde ilk elli \u00f6\u011fretmen aras\u0131na girerek &#8220;Y\u0131l\u0131n En Dinamik \/Aktif \u00d6\u011fretmeni&#8221; se\u00e7ildi. \u00d6d\u00fcl\u00fcn\u00fc Dubai\u2019de d\u00fczenlenen geni\u015f kat\u0131l\u0131mla t\u00f6renle alan G\u00fcls\u00fcm Y\u0131lmaz, daha \u00f6nce de uluslararas\u0131 platformlarda \u00fclkemizi e\u011fitim alan\u0131nda gururla temsil etti. \u00c7e\u015fitli alanlarda \u00e7al\u0131\u015fmalara&#8230;<\/p>\n","protected":false},"author":1,"featured_media":22069,"comment_status":"open","ping_status":"open","sticky":false,"template":"","format":"standard","meta":{"_crdt_document":"","footnotes":""},"categories":[1],"tags":[],"class_list":["post-22068","post","type-post","status-publish","format-standard","has-post-thumbnail","hentry","category-guncel"],"_links":{"self":[{"href":"https:\/\/www.egemtv.com\/index.php?rest_route=\/wp\/v2\/posts\/22068","targetHints":{"allow":["GET"]}}],"collection":[{"href":"https:\/\/www.egemtv.com\/index.php?rest_route=\/wp\/v2\/posts"}],"about":[{"href":"https:\/\/www.egemtv.com\/index.php?rest_route=\/wp\/v2\/types\/post"}],"author":[{"embeddable":true,"href":"https:\/\/www.egemtv.com\/index.php?rest_route=\/wp\/v2\/users\/1"}],"replies":[{"embeddable":true,"href":"https:\/\/www.egemtv.com\/index.php?rest_route=%2Fwp%2Fv2%2Fcomments&post=22068"}],"version-history":[{"count":1,"href":"https:\/\/www.egemtv.com\/index.php?rest_route=\/wp\/v2\/posts\/22068\/revisions"}],"predecessor-version":[{"id":22070,"href":"https:\/\/www.egemtv.com\/index.php?rest_route=\/wp\/v2\/posts\/22068\/revisions\/22070"}],"wp:featuredmedia":[{"embeddable":true,"href":"https:\/\/www.egemtv.com\/index.php?rest_route=\/wp\/v2\/media\/22069"}],"wp:attachment":[{"href":"https:\/\/www.egemtv.com\/index.php?rest_route=%2Fwp%2Fv2%2Fmedia&parent=22068"}],"wp:term":[{"taxonomy":"category","embeddable":true,"href":"https:\/\/www.egemtv.com\/index.php?rest_route=%2Fwp%2Fv2%2Fcategories&post=22068"},{"taxonomy":"post_tag","embeddable":true,"href":"https:\/\/www.egemtv.com\/index.php?rest_route=%2Fwp%2Fv2%2Ftags&post=22068"}],"curies":[{"name":"wp","href":"https:\/\/api.w.org\/{rel}","templated":true}]}}