{"id":22065,"date":"2025-02-24T11:45:25","date_gmt":"2025-02-24T08:45:25","guid":{"rendered":"https:\/\/www.egemtv.com\/?p=22065"},"modified":"2025-02-24T11:45:29","modified_gmt":"2025-02-24T08:45:29","slug":"aydinda-trafik-kazasi-1-yarali-3","status":"publish","type":"post","link":"https:\/\/www.egemtv.com\/?p=22065","title":{"rendered":"Ayd\u0131n\u2019da trafik kazas\u0131: 1 yaral\u0131"},"content":{"rendered":"<p>Ayd\u0131n\u2019\u0131n Efeler il\u00e7esinde meydana gelen trafik kazas\u0131nda 1 ki\u015fi yaraland\u0131.<br \/>\n<br \/>Edinilen bilgiye g\u00f6re, \u00dcnal \u00d6zgedek Bulvar\u0131 ile Turgut \u00d6zal Bulvar\u0131 kesi\u015fimindeki kav\u015fakta otomobil ile kamyon \u00e7arp\u0131\u015ft\u0131. \u00c7arp\u0131\u015fman\u0131n \u015fiddeti ile otomobil kav\u015fak i\u00e7erisine s\u00fcr\u00fcklenirken, otomobil s\u00fcr\u00fcc\u00fcs\u00fc yaraland\u0131. Kaza ihbar\u0131 \u00fczerine b\u00f6lgeye sa\u011fl\u0131k ve polis ekipleri sevk edildi. Kazada yaralanan otomobil s\u00fcr\u00fcc\u00fcs\u00fc hastaneye kald\u0131r\u0131l\u0131rken, hayati tehlikesinin bulunmad\u0131\u011f\u0131 \u00f6\u011frenildi.<br \/>\n<br \/>Kazayla ilgili soru\u015fturma s\u00fcr\u00fcyor.<br \/><\/p>\n","protected":false},"excerpt":{"rendered":"<p>Ayd\u0131n\u2019\u0131n Efeler il\u00e7esinde meydana gelen trafik kazas\u0131nda 1 ki\u015fi yaraland\u0131. Edinilen bilgiye g\u00f6re, \u00dcnal \u00d6zgedek Bulvar\u0131 ile Turgut \u00d6zal Bulvar\u0131 kesi\u015fimindeki kav\u015fakta otomobil ile kamyon \u00e7arp\u0131\u015ft\u0131. \u00c7arp\u0131\u015fman\u0131n \u015fiddeti ile otomobil kav\u015fak i\u00e7erisine s\u00fcr\u00fcklenirken, otomobil s\u00fcr\u00fcc\u00fcs\u00fc yaraland\u0131. Kaza ihbar\u0131 \u00fczerine b\u00f6lgeye sa\u011fl\u0131k ve polis ekipleri sevk edildi. Kazada yaralanan otomobil s\u00fcr\u00fcc\u00fcs\u00fc hastaneye kald\u0131r\u0131l\u0131rken, hayati tehlikesinin bulunmad\u0131\u011f\u0131&#8230;<\/p>\n","protected":false},"author":1,"featured_media":22066,"comment_status":"open","ping_status":"open","sticky":false,"template":"","format":"standard","meta":{"_crdt_document":"","footnotes":""},"categories":[5],"tags":[],"class_list":["post-22065","post","type-post","status-publish","format-standard","has-post-thumbnail","hentry","category-asayis"],"_links":{"self":[{"href":"https:\/\/www.egemtv.com\/index.php?rest_route=\/wp\/v2\/posts\/22065","targetHints":{"allow":["GET"]}}],"collection":[{"href":"https:\/\/www.egemtv.com\/index.php?rest_route=\/wp\/v2\/posts"}],"about":[{"href":"https:\/\/www.egemtv.com\/index.php?rest_route=\/wp\/v2\/types\/post"}],"author":[{"embeddable":true,"href":"https:\/\/www.egemtv.com\/index.php?rest_route=\/wp\/v2\/users\/1"}],"replies":[{"embeddable":true,"href":"https:\/\/www.egemtv.com\/index.php?rest_route=%2Fwp%2Fv2%2Fcomments&post=22065"}],"version-history":[{"count":1,"href":"https:\/\/www.egemtv.com\/index.php?rest_route=\/wp\/v2\/posts\/22065\/revisions"}],"predecessor-version":[{"id":22067,"href":"https:\/\/www.egemtv.com\/index.php?rest_route=\/wp\/v2\/posts\/22065\/revisions\/22067"}],"wp:featuredmedia":[{"embeddable":true,"href":"https:\/\/www.egemtv.com\/index.php?rest_route=\/wp\/v2\/media\/22066"}],"wp:attachment":[{"href":"https:\/\/www.egemtv.com\/index.php?rest_route=%2Fwp%2Fv2%2Fmedia&parent=22065"}],"wp:term":[{"taxonomy":"category","embeddable":true,"href":"https:\/\/www.egemtv.com\/index.php?rest_route=%2Fwp%2Fv2%2Fcategories&post=22065"},{"taxonomy":"post_tag","embeddable":true,"href":"https:\/\/www.egemtv.com\/index.php?rest_route=%2Fwp%2Fv2%2Ftags&post=22065"}],"curies":[{"name":"wp","href":"https:\/\/api.w.org\/{rel}","templated":true}]}}