{"id":22062,"date":"2025-02-24T11:45:21","date_gmt":"2025-02-24T08:45:21","guid":{"rendered":"https:\/\/www.egemtv.com\/?p=22062"},"modified":"2025-02-24T11:45:25","modified_gmt":"2025-02-24T08:45:25","slug":"afad-mugla-gonullulerle-birlikte-doga-yuruyusu-gerceklestirdi","status":"publish","type":"post","link":"https:\/\/www.egemtv.com\/?p=22062","title":{"rendered":"AFAD Mu\u011fla, g\u00f6n\u00fcll\u00fclerle birlikte do\u011fa y\u00fcr\u00fcy\u00fc\u015f\u00fc ger\u00e7ekle\u015ftirdi"},"content":{"rendered":"<p>Mu\u011fla \u0130l Afet ve Acil Durum M\u00fcd\u00fcrl\u00fc\u011f\u00fc (AFAD), AFAD G\u00f6n\u00fcll\u00fcleri ile birlikte Ula G\u00f6leti\u2019ne do\u011fa y\u00fcr\u00fcy\u00fc\u015f\u00fc d\u00fczenledi.<\/p>\n<p>Mu\u011fla\u2019n\u0131n Mente\u015fe \u0130l\u00e7esindeki K\u00f6tekli Mahallesi\u2019nden ba\u015flayan ve Ula G\u00f6leti\u2019ne kadar yakla\u015f\u0131k 7 kilometre y\u00fcr\u00fcyen AFAD g\u00f6n\u00fcll\u00fcleri, do\u011fayla i\u00e7 i\u00e7e bir g\u00fcn ge\u00e7irme f\u0131rsat\u0131 buldu. Yakla\u015f\u0131k 60 ki\u015finin kat\u0131l\u0131m\u0131yla ger\u00e7ekle\u015fen y\u00fcr\u00fcy\u00fc\u015f, renkli g\u00f6r\u00fcnt\u00fcleri sahne oldu.<\/p>\n<p>D\u00fczenlenen y\u00fcr\u00fcy\u00fc\u015fe,  Mu\u011fla AFAD \u0130l M\u00fcd\u00fcr\u00fc \u0130shak Cindio\u011flu, K\u00f6tekli Mahallesi Muhtar\u0131 Yusuf \u00c7etin, AFAD ekipleri ve \u00e7ok say\u0131da g\u00f6n\u00fcll\u00fc kat\u0131ld\u0131.<\/p>\n<p>AFAD Mu\u011fla \u0130l M\u00fcd\u00fcr\u00fc \u0130shak Cindio\u011flu y\u00fcr\u00fcy\u00fc\u015f sonras\u0131nda yapt\u0131\u011f\u0131 a\u00e7\u0131klamada, &#8220;Do\u011fa y\u00fcr\u00fcy\u00fc\u015f\u00fcne kat\u0131larak bizlere e\u015flik etti\u011finiz i\u00e7in hepinize i\u00e7tenlikle te\u015fekk\u00fcr ederim. Sizlerin kat\u0131l\u0131m\u0131, bu etkinli\u011fi \u00e7ok daha anlaml\u0131 ve keyifli k\u0131ld\u0131. AFAD g\u00f6n\u00fcll\u00fcleri olarak, toplumumuza verdi\u011finiz \u00f6zverili hizmetlerin yan\u0131 s\u0131ra, do\u011fayla i\u00e7 i\u00e7e ge\u00e7irdi\u011fimiz bu g\u00fczel g\u00fcn\u00fc bizimle payla\u015fman\u0131z, dayan\u0131\u015fma ruhumuzu bir kez daha peki\u015ftirdi. Afet ve acil durumlarla m\u00fccadelede g\u00f6sterdi\u011finiz cesaret ve fedak\u00e2rl\u0131k, toplumumuz i\u00e7in hayati bir \u00f6neme sahip. Sizler, en zor anlarda bile umudu ve g\u00fcveni temsil ediyorsunuz. Bu y\u00fcr\u00fcy\u00fc\u015f, birlikte ge\u00e7irdi\u011fimiz keyifli vakitlerin yan\u0131 s\u0131ra, do\u011fan\u0131n bize sundu\u011fu huzuru ve yenilenme f\u0131rsat\u0131n\u0131 hepimize hat\u0131rlatt\u0131. Enerjiniz ve co\u015fkunuz sayesinde, bu etkinlik unutulmaz bir an\u0131ya d\u00f6n\u00fc\u015ft\u00fc. Birlikte att\u0131\u011f\u0131m\u0131z her ad\u0131m, do\u011fayla ve birbirimizle olan ba\u011f\u0131m\u0131z\u0131 g\u00fc\u00e7lendirdi. Sizlerin varl\u0131\u011f\u0131, AFAD ailesi olarak bizlere her zaman ilham veriyor. Toplum i\u00e7in yapt\u0131\u011f\u0131n\u0131z t\u00fcm fedak\u00e2rl\u0131klar ve verdi\u011finiz emekler i\u00e7in minnettar\u0131z. Bu g\u00fczel g\u00fcn\u00fc bizimle payla\u015ft\u0131\u011f\u0131n\u0131z i\u00e7in tekrar te\u015fekk\u00fcr eder, gelecekte de birlikte nice anlaml\u0131 etkinliklerde bulu\u015fmay\u0131 dilerim. Ayr\u0131ca bu g\u00fczel etkinlikte bizlere deste\u011fini esirgemeyen Mu\u011fla B\u00fcy\u00fck\u015fehir Belediyesine te\u015fekk\u00fcr ederiz&#8221; dedi.<br \/><\/p>\n","protected":false},"excerpt":{"rendered":"<p>Mu\u011fla \u0130l Afet ve Acil Durum M\u00fcd\u00fcrl\u00fc\u011f\u00fc (AFAD), AFAD G\u00f6n\u00fcll\u00fcleri ile birlikte Ula G\u00f6leti\u2019ne do\u011fa y\u00fcr\u00fcy\u00fc\u015f\u00fc d\u00fczenledi. Mu\u011fla\u2019n\u0131n Mente\u015fe \u0130l\u00e7esindeki K\u00f6tekli Mahallesi\u2019nden ba\u015flayan ve Ula G\u00f6leti\u2019ne kadar yakla\u015f\u0131k 7 kilometre y\u00fcr\u00fcyen AFAD g\u00f6n\u00fcll\u00fcleri, do\u011fayla i\u00e7 i\u00e7e bir g\u00fcn ge\u00e7irme f\u0131rsat\u0131 buldu. Yakla\u015f\u0131k 60 ki\u015finin kat\u0131l\u0131m\u0131yla ger\u00e7ekle\u015fen y\u00fcr\u00fcy\u00fc\u015f, renkli g\u00f6r\u00fcnt\u00fcleri sahne oldu. D\u00fczenlenen y\u00fcr\u00fcy\u00fc\u015fe, Mu\u011fla AFAD&#8230;<\/p>\n","protected":false},"author":1,"featured_media":22063,"comment_status":"open","ping_status":"open","sticky":false,"template":"","format":"standard","meta":{"_crdt_document":"","footnotes":""},"categories":[1],"tags":[],"class_list":["post-22062","post","type-post","status-publish","format-standard","has-post-thumbnail","hentry","category-guncel"],"_links":{"self":[{"href":"https:\/\/www.egemtv.com\/index.php?rest_route=\/wp\/v2\/posts\/22062","targetHints":{"allow":["GET"]}}],"collection":[{"href":"https:\/\/www.egemtv.com\/index.php?rest_route=\/wp\/v2\/posts"}],"about":[{"href":"https:\/\/www.egemtv.com\/index.php?rest_route=\/wp\/v2\/types\/post"}],"author":[{"embeddable":true,"href":"https:\/\/www.egemtv.com\/index.php?rest_route=\/wp\/v2\/users\/1"}],"replies":[{"embeddable":true,"href":"https:\/\/www.egemtv.com\/index.php?rest_route=%2Fwp%2Fv2%2Fcomments&post=22062"}],"version-history":[{"count":1,"href":"https:\/\/www.egemtv.com\/index.php?rest_route=\/wp\/v2\/posts\/22062\/revisions"}],"predecessor-version":[{"id":22064,"href":"https:\/\/www.egemtv.com\/index.php?rest_route=\/wp\/v2\/posts\/22062\/revisions\/22064"}],"wp:featuredmedia":[{"embeddable":true,"href":"https:\/\/www.egemtv.com\/index.php?rest_route=\/wp\/v2\/media\/22063"}],"wp:attachment":[{"href":"https:\/\/www.egemtv.com\/index.php?rest_route=%2Fwp%2Fv2%2Fmedia&parent=22062"}],"wp:term":[{"taxonomy":"category","embeddable":true,"href":"https:\/\/www.egemtv.com\/index.php?rest_route=%2Fwp%2Fv2%2Fcategories&post=22062"},{"taxonomy":"post_tag","embeddable":true,"href":"https:\/\/www.egemtv.com\/index.php?rest_route=%2Fwp%2Fv2%2Ftags&post=22062"}],"curies":[{"name":"wp","href":"https:\/\/api.w.org\/{rel}","templated":true}]}}