{"id":22056,"date":"2025-02-24T11:31:22","date_gmt":"2025-02-24T08:31:22","guid":{"rendered":"https:\/\/www.egemtv.com\/?p=22056"},"modified":"2025-02-24T11:31:26","modified_gmt":"2025-02-24T08:31:26","slug":"kulturparkta-genclestirme-ve-yenileme-calismalari","status":"publish","type":"post","link":"https:\/\/www.egemtv.com\/?p=22056","title":{"rendered":"K\u00fclt\u00fcrpark\u2019ta gen\u00e7le\u015ftirme ve yenileme \u00e7al\u0131\u015fmalar\u0131"},"content":{"rendered":"<p>\u0130zmir B\u00fcy\u00fck\u015fehir Belediyesi kentin simgesi K\u00fclt\u00fcrpark\u2019\u0131 \u0130zmirlilerin daha etkin ve konforlu kullanabilmesi i\u00e7in kollar\u0131 s\u0131vad\u0131. Ba\u015fkan Dr. Cemil Tugay\u2019\u0131n ba\u015flatt\u0131\u011f\u0131 yenileme ve gen\u00e7le\u015ftirme program\u0131 kapsam\u0131nda alanda budamadan a\u011fa\u00e7land\u0131rmaya, altyap\u0131dan temizli\u011fe bak\u0131m \u00e7al\u0131\u015fmas\u0131 y\u00fcr\u00fct\u00fcl\u00fcyor. K\u00fclt\u00fcrpark ikinci y\u00fczy\u0131l\u0131n\u0131, yeni ye\u015fil ve sosyal alanlar\u0131, yenilenen tarihi yap\u0131lar\u0131 ve birbirinden renkli k\u00fclt\u00fcrel etkinliklerle ad\u0131na yak\u0131\u015f\u0131r \u015fekilde kar\u015f\u0131layacak.<br \/>\n<br \/>\u0130zmir B\u00fcy\u00fck\u015fehir Belediye Ba\u015fkan\u0131 Dr. Cemil Tugay\u2019\u0131n \u015fehrin 89 y\u0131ll\u0131k g\u00f6zbebe\u011fi K\u00fclt\u00fcrpark\u2019ta ba\u015flatt\u0131\u011f\u0131 yenileme ve gen\u00e7le\u015ftirme \u00e7al\u0131\u015fmalar\u0131 devam ediyor. D\u00f6nemin belediye ba\u015fkan\u0131 Dr. Beh\u00e7et Uz taraf\u0131ndan kente kazand\u0131r\u0131lan K\u00fclt\u00fcrpark\u2019\u0131 ikinci y\u00fczy\u0131l\u0131na haz\u0131rlayacak \u00e7al\u0131\u015fmalar kapsam\u0131nda, 7 g\u00fcn 24 saat bak\u0131m onar\u0131m ve yenileme \u00e7al\u0131\u015fmalar\u0131 titizlikle y\u00fcr\u00fct\u00fcl\u00fcyor. Alt ve \u00fcstyap\u0131s\u0131 g\u00fc\u00e7lendirilirken, dikilen a\u011fa\u00e7lar ve botanik bah\u00e7eleri ile daha ye\u015fil, k\u00fclt\u00fcrel etkinlikleri ve sosyal alanlar\u0131 ile daha canl\u0131 bir K\u00fclt\u00fcrpark do\u011fuyor.<\/p>\n<p>K\u00fclt\u00fcrpark\u2019\u0131n ye\u015fil dokusu art\u0131yor<br \/>\n<br \/>\u0130zmir B\u00fcy\u00fck\u015fehir Belediye Ba\u015fkan\u0131 Dr. Cemil Tugay\u2019\u0131n yeni y\u0131l\u0131n ilk g\u00fcn\u00fcnde K\u00fclt\u00fcrpark\u2019ta a\u011fa\u00e7 dikerek ba\u015flatt\u0131\u011f\u0131 \u00e7al\u0131\u015fmalar\u0131n yo\u011fun bir \u015fekilde devam etti\u011fini belirten K\u00fclt\u00fcrpark \u015eube M\u00fcd\u00fcrl\u00fc\u011f\u00fc Teknik \u0130\u015fler ve Koordinasyon \u015eefi Peyzaj Teknikeri Bur\u00e7in Girgin, &#8220;Temizlik \u00e7al\u0131\u015fmas\u0131n\u0131n ard\u0131ndan mevsimlik alanlar\u0131m\u0131z\u0131n onar\u0131m ve yenilemesini yap\u0131yoruz. Yurtta\u015flar\u0131m\u0131z\u0131n g\u00fcvenli\u011fini sa\u011flamak i\u00e7in \u00f6mr\u00fcn\u00fc tamamlayan, tehlike arz eden a\u011fa\u00e7larda ilgili kurullardan izin alarak budama, seyreltme, hafifletme \u00e7al\u0131\u015fmalar\u0131 yap\u0131yoruz. Di\u011fer yandan a\u011fa\u00e7 ve \u00e7al\u0131 dikimlerimiz devam ediyor. Yeni t\u00fcrlerle faunay\u0131 geni\u015fletmeye \u00e7al\u0131\u015f\u0131yoruz. Oksijeni ve ye\u015fil dokuyu art\u0131rmak i\u00e7in de\u011fi\u015fik t\u00fcrleri kullan\u0131yoruz. Ba\u015fkan\u0131m\u0131z\u0131n dikimini yapt\u0131\u011f\u0131 Bella Sombra, \u015fi\u015fe a\u011fac\u0131, ligustrum gibi t\u00fcrleri \u00e7o\u011falt\u0131yoruz. Bunlar\u0131n bir\u00e7o\u011fu g\u00f6lge alan olu\u015fturarak kentsel \u0131s\u0131 adas\u0131 etkisini azaltacak bir k\u0131sm\u0131 da bitki \u00e7e\u015fitlili\u011fini art\u0131racak&#8221; \u015feklinde konu\u015ftu.<\/p>\n<p>&#8220;Gen\u00e7 ve dinamik bir K\u00fclt\u00fcrpark i\u00e7in \u00e7al\u0131\u015f\u0131yoruz&#8221;<br \/>\n<br \/>K\u00fclt\u00fcrpark\u2019\u0131n ye\u015fil dokusunu koruyup geli\u015ftirirken halkla daha fazla b\u00fct\u00fcnle\u015fmesi i\u00e7in \u00e7al\u0131\u015ft\u0131klar\u0131n\u0131 kaydeden Girgin, &#8220;K\u00fclt\u00fcrpark\u2019ta memnuniyet anketi yap\u0131yoruz. Vatanda\u015flar\u0131m\u0131zdan gelen talepleri de\u011ferlendirerek eksiklerimizi ya da yapmam\u0131z gerekenleri belirliyoruz. Ba\u015flatt\u0131\u011f\u0131m\u0131z giri\u015f ve \u00e7\u0131k\u0131\u015f saati d\u00fczenlemesi park\u0131n geli\u015fimine \u00f6nemli katk\u0131 sa\u011flad\u0131.  \u0130zmirliler \u00f6n\u00fcm\u00fczdeki y\u0131llarda daha sa\u011fl\u0131kl\u0131, daha gen\u00e7 ve daha dinamik bir K\u00fclt\u00fcrpark g\u00f6recekler&#8221; dedi.<\/p>\n<p>Altyap\u0131 rehabilite ediliyor<br \/>\n<br \/>\u0130zmir B\u00fcy\u00fck\u015fehir Belediyesi Park ve Bah\u00e7eler Dairesi Ba\u015fkanl\u0131\u011f\u0131 koordinesinde belediyenin t\u00fcm birimleri K\u00fclt\u00fcrpark\u2019\u0131n geli\u015fimi i\u00e7in seferber oldu. Alandaki ye\u015fil d\u00fczenlemelerinin yan\u0131 s\u0131ra teknik ekipler park\u0131n elektrik ve su alt yap\u0131s\u0131nda ya\u015fanan ar\u0131zalara an\u0131nda m\u00fcdahale ediyor. Modern kanalizasyon, ya\u011fmur suyu drenaj, yang\u0131n hidrant, ak\u0131ll\u0131 sulama,  ayd\u0131nlatma ve  s\u00fcrd\u00fcr\u00fclebilir enerji altyap\u0131 sistemleriyle K\u00fclt\u00fcrpark\u2019\u0131n altyap\u0131s\u0131 rehabilite ediliyor.<\/p>\n<p>Lunapark ve holler yerine ye\u015fil alan<br \/>\n<br \/>Ba\u015fkan Dr. Tugay\u2019\u0131n talimat\u0131yla K\u00fclt\u00fcrpark\u2019\u0131n ye\u015fil dokusunun art\u0131r\u0131lmas\u0131 i\u00e7in eskiyen ve i\u015flevini yerine getirmeyen alanlar\u0131n ye\u015fil alanlara d\u00f6n\u00fc\u015ft\u00fcr\u00fclmesi i\u00e7in \u00e7al\u0131\u015fmalar ba\u015flat\u0131ld\u0131. \u0130lk olarak yo\u011fun kullan\u0131ma sahip olmayan lunapark alan\u0131n\u0131n bir arboretum veya botanik bah\u00e7esi olmas\u0131 i\u00e7in ad\u0131mlar at\u0131ld\u0131. \u00d6te yandan 30 Ekim 2020 \u0130zmir depremi sonras\u0131 \u0130zmir B\u00fcy\u00fck\u015fehir Belediyesi\u2019nin hizmet binas\u0131na d\u00f6n\u00fc\u015ft\u00fcr\u00fclen fuar hollerinin, yeni hizmet binas\u0131n\u0131n yap\u0131lmas\u0131n\u0131n ard\u0131ndan K\u00fclt\u00fcrpark\u2019tan kald\u0131r\u0131larak, dev alan\u0131n ye\u015fil alana d\u00f6n\u00fc\u015ft\u00fcr\u00fclmesi hedefleniyor.<\/p>\n<p>\u0130zmir\u2019in tarihi gazinolar\u0131 yeniden do\u011fuyor<br \/>\n<br \/>K\u00fclt\u00fcrpark\u2019taki Ada ve G\u00f6l gazinolar\u0131n\u0131n asl\u0131na uygun olarak yenilenme \u00e7al\u0131\u015fmas\u0131 t\u00fcm h\u0131z\u0131yla devam ediyor. G\u00f6l Gazinosu\u2019nda y\u0131k\u0131lan binan\u0131n yeniden yap\u0131m s\u00fcrecinde kaba in\u015faat\u0131n b\u00fcy\u00fck b\u00f6l\u00fcm\u00fc tamamland\u0131. Ada Gazinosu\u2019nda ise binan\u0131n korunan alanlar\u0131 d\u0131\u015f\u0131nda ekonomik \u00f6mr\u00fcn\u00fc tamamlayan k\u0131s\u0131mlar\u0131n\u0131n y\u0131k\u0131m s\u00fcreci bitti. M\u00fcze ve kafeterya olarak hizmet vermesi \u00f6ng\u00f6r\u00fclen G\u00f6l Gazinosu\u2019nun 2025 y\u0131l\u0131nda yap\u0131lacak 94\u2019\u00fcnc\u00fc \u0130zmir Enternasyonal Fuar\u0131\u2019nda a\u00e7\u0131lmas\u0131 planlan\u0131yor, 2026 y\u0131l\u0131nda a\u00e7\u0131lmas\u0131 hedeflenen Ada Gazinosu ise restoran olarak hizmet verecek. Kent belle\u011finde \u00f6nemli yer eden iki yap\u0131 tarihi kimlik ve karakterlerine yak\u0131\u015f\u0131r \u015fekilde \u0130zmir halk\u0131yla bulu\u015facak.<\/p>\n<p>Tarihi kap\u0131lar yenilendi<br \/>\n<br \/>K\u00fclt\u00fcrpark\u2019\u0131n T\u00fcrkiye Cumhuriyeti\u2019ni simgeleyen kap\u0131lar\u0131nda restorasyon, rekonstr\u00fcksiyon ve g\u00fc\u00e7lendirme \u00e7al\u0131\u015fmalar\u0131 yap\u0131ld\u0131.  Lozan, Montr\u00f6, 9 Eyl\u00fcl ve Cumhuriyet kap\u0131lar\u0131 yenilenerek hem sa\u011flamla\u015ft\u0131r\u0131ld\u0131 hem de g\u00f6rsel a\u00e7\u0131dan yenilendi. 26 A\u011fustos kap\u0131s\u0131nda ise g\u00fc\u00e7lendirme \u00e7al\u0131\u015fmalar\u0131 h\u0131zla devam ediyor.<\/p>\n<p>D\u00fcnyan\u0131n farkl\u0131 \u00fclkeleri K\u00fclt\u00fcrpark\u2019ta bulu\u015facak<br \/>\n<br \/>\u0130zmir B\u00fcy\u00fck\u015fehir Belediyesi K\u00fclt\u00fcr ve Sosyal \u0130\u015fler Dairesi Ba\u015fkanl\u0131\u011f\u0131, K\u00fclt\u00fcrpark\u2019\u0131n eski g\u00fcnlerindeki vizyonuyla ya\u015famas\u0131 ve canland\u0131r\u0131lmas\u0131 i\u00e7in alanda yepyeni etkinliklerin planlamas\u0131n\u0131 s\u00fcrd\u00fcr\u00fcyor. D\u00fcnyan\u0131n farkl\u0131 \u00fclkelerinden kat\u0131l\u0131mc\u0131lar\u0131n, gastronomi, dans, m\u00fczik, resim, heykel gibi k\u00fclt\u00fcr sanat faaliyetleriyle \u0130zmirlilerle bulu\u015fmas\u0131 i\u00e7in \u00e7e\u015fitli etkinlikler \u00f6n\u00fcm\u00fczdeki d\u00f6nemde hayata ge\u00e7irilecek.<\/p>\n<p>\u00d6zel g\u00fcnlerde \u00f6zel festivaller<br \/>\n<br \/>K\u00fclt\u00fcrpark\u2019ta yap\u0131lmaya ba\u015flanan Yeni Y\u0131l Festivali, 14 \u015eubat Sevgi Festivali gibi etkinliklere \u00f6zel g\u00fcnlerde yenileri eklenecek \u0130zmirliler\u2019in K\u00fclt\u00fcrpark\u2019ta bulu\u015farak daha e\u011flenceli vakit ge\u00e7irmeleri sa\u011flanacak.<br \/><\/p>\n","protected":false},"excerpt":{"rendered":"<p>\u0130zmir B\u00fcy\u00fck\u015fehir Belediyesi kentin simgesi K\u00fclt\u00fcrpark\u2019\u0131 \u0130zmirlilerin daha etkin ve konforlu kullanabilmesi i\u00e7in kollar\u0131 s\u0131vad\u0131. Ba\u015fkan Dr. Cemil Tugay\u2019\u0131n ba\u015flatt\u0131\u011f\u0131 yenileme ve gen\u00e7le\u015ftirme program\u0131 kapsam\u0131nda alanda budamadan a\u011fa\u00e7land\u0131rmaya, altyap\u0131dan temizli\u011fe bak\u0131m \u00e7al\u0131\u015fmas\u0131 y\u00fcr\u00fct\u00fcl\u00fcyor. K\u00fclt\u00fcrpark ikinci y\u00fczy\u0131l\u0131n\u0131, yeni ye\u015fil ve sosyal alanlar\u0131, yenilenen tarihi yap\u0131lar\u0131 ve birbirinden renkli k\u00fclt\u00fcrel etkinliklerle ad\u0131na yak\u0131\u015f\u0131r \u015fekilde kar\u015f\u0131layacak. \u0130zmir B\u00fcy\u00fck\u015fehir&#8230;<\/p>\n","protected":false},"author":1,"featured_media":22057,"comment_status":"open","ping_status":"open","sticky":false,"template":"","format":"standard","meta":{"_crdt_document":"","footnotes":""},"categories":[1],"tags":[],"class_list":["post-22056","post","type-post","status-publish","format-standard","has-post-thumbnail","hentry","category-guncel"],"_links":{"self":[{"href":"https:\/\/www.egemtv.com\/index.php?rest_route=\/wp\/v2\/posts\/22056","targetHints":{"allow":["GET"]}}],"collection":[{"href":"https:\/\/www.egemtv.com\/index.php?rest_route=\/wp\/v2\/posts"}],"about":[{"href":"https:\/\/www.egemtv.com\/index.php?rest_route=\/wp\/v2\/types\/post"}],"author":[{"embeddable":true,"href":"https:\/\/www.egemtv.com\/index.php?rest_route=\/wp\/v2\/users\/1"}],"replies":[{"embeddable":true,"href":"https:\/\/www.egemtv.com\/index.php?rest_route=%2Fwp%2Fv2%2Fcomments&post=22056"}],"version-history":[{"count":1,"href":"https:\/\/www.egemtv.com\/index.php?rest_route=\/wp\/v2\/posts\/22056\/revisions"}],"predecessor-version":[{"id":22058,"href":"https:\/\/www.egemtv.com\/index.php?rest_route=\/wp\/v2\/posts\/22056\/revisions\/22058"}],"wp:featuredmedia":[{"embeddable":true,"href":"https:\/\/www.egemtv.com\/index.php?rest_route=\/wp\/v2\/media\/22057"}],"wp:attachment":[{"href":"https:\/\/www.egemtv.com\/index.php?rest_route=%2Fwp%2Fv2%2Fmedia&parent=22056"}],"wp:term":[{"taxonomy":"category","embeddable":true,"href":"https:\/\/www.egemtv.com\/index.php?rest_route=%2Fwp%2Fv2%2Fcategories&post=22056"},{"taxonomy":"post_tag","embeddable":true,"href":"https:\/\/www.egemtv.com\/index.php?rest_route=%2Fwp%2Fv2%2Ftags&post=22056"}],"curies":[{"name":"wp","href":"https:\/\/api.w.org\/{rel}","templated":true}]}}