{"id":22053,"date":"2025-02-24T11:31:17","date_gmt":"2025-02-24T08:31:17","guid":{"rendered":"https:\/\/www.egemtv.com\/?p=22053"},"modified":"2025-02-24T11:31:22","modified_gmt":"2025-02-24T08:31:22","slug":"camelinin-cittaslow-sakin-sehir-yolculugunda-onemli-gorusme","status":"publish","type":"post","link":"https:\/\/www.egemtv.com\/?p=22053","title":{"rendered":"\u00c7ameli\u2019nin Cittaslow (Sakin \u015eehir) yolculu\u011funda \u00f6nemli g\u00f6r\u00fc\u015fme"},"content":{"rendered":"<p>Cittaslow T\u00fcrkiye Teknik Koordinat\u00f6r\u00fc ve Antalya B\u00fcy\u00fck\u015fehir Belediye Ba\u015fkan\u0131 Dan\u0131\u015fman\u0131 Lokman Atasoy ve beraberindeki heyet, \u00c7ameli\u2019nin Cittaslow (Sakin \u015eehir) s\u00fcrecine dair \u00f6nemli g\u00f6r\u00fc\u015fmeler ve incelemelerde bulundu.<\/p>\n<p>\u00c7ameli Belediye Ba\u015fkan\u0131 Cengiz Arslan\u2019\u0131n ev sahipli\u011finde ger\u00e7ekle\u015fen program, \u00c7ameli Ta\u015f Konaklarda d\u00fczenlenen bilgilendirme toplant\u0131s\u0131yla ba\u015flad\u0131. Toplant\u0131n\u0131n ard\u0131ndan misafirlere il\u00e7enin y\u00f6resel tatlar\u0131 sunuldu ve b\u00fcy\u00fck be\u011feni toplad\u0131. ) &#8211; Cittaslow T\u00fcrkiye Teknik Koordinat\u00f6r\u00fc ve Antalya B\u00fcy\u00fck\u015fehir Belediye Ba\u015fkan\u0131 Dan\u0131\u015fman\u0131 Lokman Atasoy ba\u015fkanl\u0131\u011f\u0131ndaki heyet, il\u00e7enin \u00e7e\u015fitli noktalar\u0131nda incelemelerde bulundu. \u0130lk olarak \u00c7ameli Pazaryeri ve \u00c7ameli Yerel Eylem Grubu (\u00c7AMYEG) ziyaret edilerek, proje dan\u0131\u015fman\u0131 Emirhan Ak\u015fit taraf\u0131ndan dernek \u00e7al\u0131\u015fmalar\u0131 hakk\u0131nda bilgilendirme yap\u0131ld\u0131. Daha sonra \u00c7ameli \u00dcreten Kad\u0131nlar Derne\u011fi Sat\u0131\u015f Ofisine ge\u00e7ildi. Burada il\u00e7eye \u00f6zg\u00fc el eme\u011fi \u00fcr\u00fcnler sergilendi ve \u00c7ameli Halk E\u011fitim M\u00fcd\u00fcr\u00fc Mehmet Erkan taraf\u0131ndan \u00fcr\u00fcnler ve yap\u0131lan \u00e7al\u0131\u015fmalar hakk\u0131nda bilgilendirme yap\u0131ld\u0131.<\/p>\n<p>Heyet, \u00c7ini Sanat\u0131 At\u00f6lyesini ziyaret ederek, usta \u00f6\u011fretici Nezahat Dikilita\u015f\u2019tan \u00e7ini sanat\u0131 hakk\u0131nda bilgi ald\u0131. Burada konuklara el eme\u011fi hediyeler takdim edildi. K\u00fclt\u00fcrel mirasa sahip \u00e7\u0131kmak ad\u0131na yap\u0131lan bir di\u011fer ziyaret ise Hayri Dev K\u00fclt\u00fcr Merkezi ve Hayri Dev M\u00fczesi oldu. UNESCO Ya\u015fayan \u0130nsan Hazinesi \u00d6d\u00fcl\u00fc sahibi Hayri Dev\u2019in hayat\u0131 ve sanat\u0131 anlat\u0131larak m\u00fcze gezildi.<\/p>\n<p>Ard\u0131ndan \u00c7ameli Gen\u00e7lik Merkezi ziyaret edilerek Gen\u00e7lik ve Spor \u0130l\u00e7e M\u00fcd\u00fcr\u00fc Metin Da\u011fl\u0131 taraf\u0131ndan bilgilendirme yap\u0131ld\u0131. \u00c7ameli Kaymakaml\u0131\u011f\u0131\u2019na ge\u00e7ilerek  Kaymakam Talha Tunahan Y\u0131ld\u0131r\u0131m ile g\u00f6r\u00fc\u015f\u00fcld\u00fc ve kendisine Lokman Atasoy taraf\u0131ndan hediye takdim edildi. Son olarak \u00c7ameli Belediyesi ziyaret eden heyete, Belediye Ba\u015fkan\u0131 Cengiz Arslan taraf\u0131ndan il\u00e7eni do\u011fal, k\u00fclt\u00fcrel ve sosyo-ekonomik yap\u0131s\u0131 hakk\u0131nda bilgiler verildi. Belediye binas\u0131 \u00f6n\u00fcnde toplu foto\u011fraf \u00e7ekiminin ard\u0131ndan ilk g\u00fcn program\u0131 tamamland\u0131.<\/p>\n<p>Heyet, ziyaretin devam\u0131nda G\u00f6k\u00e7eyaka Mahallesi\u2019ne ge\u00e7erek, \u00c7ameli Halk E\u011fitim Merkezi Ba\u011flama At\u00f6lyesi\u2019ni ziyaret etti. Burada il\u00e7eye \u00f6zg\u00fc 3 telli ba\u011flaman\u0131n yap\u0131m s\u00fcreci aktar\u0131ld\u0131 ve y\u00f6resel \u00fcr\u00fcnler tan\u0131t\u0131ld\u0131. Ard\u0131ndan Elmal\u0131 Mahallesi\u2019ndeki alabal\u0131k \u00fcretim \u00e7iftlikleri gezildi, alabal\u0131k \u00fcretimi ve do\u011fal ya\u015fam alanlar\u0131 hakk\u0131nda bilgi al\u0131nd\u0131. B\u00f6lgedeki Do\u011fal Su De\u011firmeni yerinde incelendi.<br \/>\n<br \/>El eme\u011fi \u00fcr\u00fcnlerin ya\u015fat\u0131ld\u0131\u011f\u0131 Y\u00f6resel Kilim ve Bez Dokuma At\u00f6lyesinde kad\u0131nlar\u0131n ilmek ilmek dokudu\u011fu geleneksel motifler tan\u0131t\u0131ld\u0131. Burada Elmal\u0131 Kad\u0131n Kooperatifi Ba\u015fkan\u0131 Firdevs Eri\u015f, heyete yap\u0131lan \u00e7al\u0131\u015fmalar hakk\u0131nda bilgi verdi. Ziyaretin sonunda misafirlere el eme\u011fi hediyeler takdim edildi. Daha sonra Elmal\u0131 Mahallesi Ba\u011f Evleri ziyaret edilerek, do\u011fal ya\u015fam alanlar\u0131 hakk\u0131nda bilgiler al\u0131nd\u0131.<br \/>\n<br \/>Gastronomi alan\u0131nda b\u00fcy\u00fck \u00f6neme sahip y\u00f6resel lezzetlerimiz de bu ziyaretin \u00f6nemli bir par\u00e7as\u0131 oldu. Elmal\u0131 Mahallesi Muhtar\u0131 Fatih Maden, misafirlerimize il\u00e7emize \u00f6zg\u00fc tatlar\u0131 sundu ve \u00fcr\u00fcnler tam not ald\u0131.<\/p>\n<p>Heyet, \u00c7ameli\u2019nin do\u011fal g\u00fczelliklerini, k\u00fclt\u00fcrel de\u011ferlerini ve s\u00fcrd\u00fcr\u00fclebilir ya\u015fam anlay\u0131\u015f\u0131n\u0131 b\u00fcy\u00fck bir takdirle kar\u015f\u0131lad\u0131. \u00c7ameli\u2019nin Cittaslow (Sakin \u015eehir) unvan\u0131 alma s\u00fcrecinde \u00e7ok ba\u015far\u0131l\u0131 bir do\u011fal il\u00e7e oldu\u011fu ifade edildi.<\/p>\n<p>Yap\u0131lan inceleme ve g\u00f6r\u00fc\u015fmeler hakk\u0131nda bilgi veren \u00c7ameli Belediye Ba\u015fkan\u0131 Cengiz Arslan, &#8220;\u00c7ameli, Cittaslow ile gelece\u011fe y\u00fcr\u00fcyor. \u00c7ameli\u2019nin Cittaslow s\u00fcrecine kat\u0131l\u0131m\u0131yla do\u011fal ve k\u00fclt\u00fcrel de\u011ferler korunacak, s\u00fcrd\u00fcr\u00fclebilir turizm ile yerel ekonomi g\u00fc\u00e7lenecek, huzurlu ve kaliteli bir ya\u015fam arayanlar i\u00e7in cazip bir destinasyon haline gelecek. Ziyarete kat\u0131lan Cittaslow T\u00fcrkiye A\u011f\u0131 Teknik Koordinat\u00f6r\u00fc Lokman Atasoy, Teknik Koordinat\u00f6r Dr. Zeynep Tu\u011f\u00e7e \u00c7ift\u00e7iba\u015f\u0131 G\u00fc\u00e7 ve de\u011ferli heyet \u00fcyelerine il\u00e7emize verdikleri destek ve nazik ziyaretleri i\u00e7in te\u015fekk\u00fcr ederiz. \u00c7ameli\u2019yi sakin \u015fehir unvan\u0131na kavu\u015fturmak i\u00e7in \u00e7al\u0131\u015fmalar\u0131m\u0131z h\u0131z kesmeden devam ediyor&#8221; dedi.<br \/><\/p>\n","protected":false},"excerpt":{"rendered":"<p>Cittaslow T\u00fcrkiye Teknik Koordinat\u00f6r\u00fc ve Antalya B\u00fcy\u00fck\u015fehir Belediye Ba\u015fkan\u0131 Dan\u0131\u015fman\u0131 Lokman Atasoy ve beraberindeki heyet, \u00c7ameli\u2019nin Cittaslow (Sakin \u015eehir) s\u00fcrecine dair \u00f6nemli g\u00f6r\u00fc\u015fmeler ve incelemelerde bulundu. \u00c7ameli Belediye Ba\u015fkan\u0131 Cengiz Arslan\u2019\u0131n ev sahipli\u011finde ger\u00e7ekle\u015fen program, \u00c7ameli Ta\u015f Konaklarda d\u00fczenlenen bilgilendirme toplant\u0131s\u0131yla ba\u015flad\u0131. Toplant\u0131n\u0131n ard\u0131ndan misafirlere il\u00e7enin y\u00f6resel tatlar\u0131 sunuldu ve b\u00fcy\u00fck be\u011feni toplad\u0131. ) &#8211;&#8230;<\/p>\n","protected":false},"author":1,"featured_media":22054,"comment_status":"open","ping_status":"open","sticky":false,"template":"","format":"standard","meta":{"_crdt_document":"","footnotes":""},"categories":[1],"tags":[],"class_list":["post-22053","post","type-post","status-publish","format-standard","has-post-thumbnail","hentry","category-guncel"],"_links":{"self":[{"href":"https:\/\/www.egemtv.com\/index.php?rest_route=\/wp\/v2\/posts\/22053","targetHints":{"allow":["GET"]}}],"collection":[{"href":"https:\/\/www.egemtv.com\/index.php?rest_route=\/wp\/v2\/posts"}],"about":[{"href":"https:\/\/www.egemtv.com\/index.php?rest_route=\/wp\/v2\/types\/post"}],"author":[{"embeddable":true,"href":"https:\/\/www.egemtv.com\/index.php?rest_route=\/wp\/v2\/users\/1"}],"replies":[{"embeddable":true,"href":"https:\/\/www.egemtv.com\/index.php?rest_route=%2Fwp%2Fv2%2Fcomments&post=22053"}],"version-history":[{"count":1,"href":"https:\/\/www.egemtv.com\/index.php?rest_route=\/wp\/v2\/posts\/22053\/revisions"}],"predecessor-version":[{"id":22055,"href":"https:\/\/www.egemtv.com\/index.php?rest_route=\/wp\/v2\/posts\/22053\/revisions\/22055"}],"wp:featuredmedia":[{"embeddable":true,"href":"https:\/\/www.egemtv.com\/index.php?rest_route=\/wp\/v2\/media\/22054"}],"wp:attachment":[{"href":"https:\/\/www.egemtv.com\/index.php?rest_route=%2Fwp%2Fv2%2Fmedia&parent=22053"}],"wp:term":[{"taxonomy":"category","embeddable":true,"href":"https:\/\/www.egemtv.com\/index.php?rest_route=%2Fwp%2Fv2%2Fcategories&post=22053"},{"taxonomy":"post_tag","embeddable":true,"href":"https:\/\/www.egemtv.com\/index.php?rest_route=%2Fwp%2Fv2%2Ftags&post=22053"}],"curies":[{"name":"wp","href":"https:\/\/api.w.org\/{rel}","templated":true}]}}